{"id":1044,"date":"2021-05-04T18:05:01","date_gmt":"2021-05-04T16:05:01","guid":{"rendered":"https:\/\/www.bjckm.de\/?p=1044"},"modified":"2021-05-04T18:02:28","modified_gmt":"2021-05-04T16:02:28","slug":"bjs21-verlaengert-september","status":"publish","type":"post","link":"https:\/\/www.bjckm.de\/index.php\/bjs21-verlaengert-september\/","title":{"rendered":"Bundesjugendschreiben verl\u00e4ngert bis 30. September 2021"},"content":{"rendered":"<p>Der Durchf\u00fchrungszeitraum des 48. Bundesjugendschreibens ist verl\u00e4ngert bis zum<\/p>\n<h4 style=\"text-align: center;\"><strong>30. September 2021<\/strong>.<\/h4>\n<p>Durch die Verl\u00e4ngerung bis nach den Sommerferien m\u00f6chten wir noch m\u00f6glichst vielen Veranstaltern die Teilnahme ihrer Schreiberinnen und Schreiber am Wettbewerb erm\u00f6glichen.<\/p>\n","protected":false},"excerpt":{"rendered":"<p>Der Durchf\u00fchrungszeitraum des 48. Bundesjugendschreibens ist verl\u00e4ngert bis zum 30. September 2021. Durch die Verl\u00e4ngerung bis nach den Sommerferien m\u00f6chten wir noch m\u00f6glichst vielen Veranstaltern die Teilnahme ihrer Schreiberinnen und Schreiber am Wettbewerb erm\u00f6glichen.<\/p>\n","protected":false},"author":2,"featured_media":0,"comment_status":"closed","ping_status":"closed","sticky":false,"template":"","format":"standard","meta":{"footnotes":""},"categories":[1],"tags":[],"class_list":["post-1044","post","type-post","status-publish","format-standard","hentry","category-allgemein","","tg-column-two"],"yoast_head":"<!-- This site is optimized with the Yoast SEO plugin v27.4 - https:\/\/yoast.com\/product\/yoast-seo-wordpress\/ -->\n<title>Bundesjugendschreiben verl\u00e4ngert bis 30. September 2021 - BJCKM<\/title>\n<meta name=\"robots\" content=\"index, follow, max-snippet:-1, max-image-preview:large, max-video-preview:-1\" \/>\n<link rel=\"canonical\" href=\"https:\/\/www.bjckm.de\/index.php\/bjs21-verlaengert-september\/\" \/>\n<meta property=\"og:locale\" content=\"de_DE\" \/>\n<meta property=\"og:type\" content=\"article\" \/>\n<meta property=\"og:title\" content=\"Bundesjugendschreiben verl\u00e4ngert bis 30. September 2021 - BJCKM\" \/>\n<meta property=\"og:description\" content=\"Der Durchf\u00fchrungszeitraum des 48. Bundesjugendschreibens ist verl\u00e4ngert bis zum 30. September 2021. Durch die Verl\u00e4ngerung bis nach den Sommerferien m\u00f6chten wir noch m\u00f6glichst vielen Veranstaltern die Teilnahme ihrer Schreiberinnen und Schreiber am Wettbewerb erm\u00f6glichen.\" \/>\n<meta property=\"og:url\" content=\"https:\/\/www.bjckm.de\/index.php\/bjs21-verlaengert-september\/\" \/>\n<meta property=\"og:site_name\" content=\"BJCKM\" \/>\n<meta property=\"article:publisher\" content=\"https:\/\/www.facebook.com\/bjckm\" \/>\n<meta property=\"article:published_time\" content=\"2021-05-04T16:05:01+00:00\" \/>\n<meta name=\"author\" content=\"Roman Hoos\" \/>\n<meta name=\"twitter:card\" content=\"summary_large_image\" \/>\n<meta name=\"twitter:creator\" content=\"@bjckm_steno\" \/>\n<meta name=\"twitter:site\" content=\"@bjckm_steno\" \/>\n<meta name=\"twitter:label1\" content=\"Verfasst von\" \/>\n\t<meta name=\"twitter:data1\" content=\"Roman Hoos\" \/>\n\t<meta name=\"twitter:label2\" content=\"Gesch\u00e4tzte Lesezeit\" \/>\n\t<meta name=\"twitter:data2\" content=\"1\u00a0Minute\" \/>\n<script type=\"application\/ld+json\" class=\"yoast-schema-graph\">{\"@context\":\"https:\\\/\\\/schema.org\",\"@graph\":[{\"@type\":\"Article\",\"@id\":\"https:\\\/\\\/www.bjckm.de\\\/index.php\\\/bjs21-verlaengert-september\\\/#article\",\"isPartOf\":{\"@id\":\"https:\\\/\\\/www.bjckm.de\\\/index.php\\\/bjs21-verlaengert-september\\\/\"},\"author\":{\"name\":\"Roman Hoos\",\"@id\":\"https:\\\/\\\/www.bjckm.de\\\/#\\\/schema\\\/person\\\/b68002e8544802f1315876d3fa1d060d\"},\"headline\":\"Bundesjugendschreiben verl\u00e4ngert bis 30. September 2021\",\"datePublished\":\"2021-05-04T16:05:01+00:00\",\"mainEntityOfPage\":{\"@id\":\"https:\\\/\\\/www.bjckm.de\\\/index.php\\\/bjs21-verlaengert-september\\\/\"},\"wordCount\":42,\"publisher\":{\"@id\":\"https:\\\/\\\/www.bjckm.de\\\/#organization\"},\"inLanguage\":\"de\"},{\"@type\":\"WebPage\",\"@id\":\"https:\\\/\\\/www.bjckm.de\\\/index.php\\\/bjs21-verlaengert-september\\\/\",\"url\":\"https:\\\/\\\/www.bjckm.de\\\/index.php\\\/bjs21-verlaengert-september\\\/\",\"name\":\"Bundesjugendschreiben verl\u00e4ngert bis 30. September 2021 - BJCKM\",\"isPartOf\":{\"@id\":\"https:\\\/\\\/www.bjckm.de\\\/#website\"},\"datePublished\":\"2021-05-04T16:05:01+00:00\",\"breadcrumb\":{\"@id\":\"https:\\\/\\\/www.bjckm.de\\\/index.php\\\/bjs21-verlaengert-september\\\/#breadcrumb\"},\"inLanguage\":\"de\",\"potentialAction\":[{\"@type\":\"ReadAction\",\"target\":[\"https:\\\/\\\/www.bjckm.de\\\/index.php\\\/bjs21-verlaengert-september\\\/\"]}]},{\"@type\":\"BreadcrumbList\",\"@id\":\"https:\\\/\\\/www.bjckm.de\\\/index.php\\\/bjs21-verlaengert-september\\\/#breadcrumb\",\"itemListElement\":[{\"@type\":\"ListItem\",\"position\":1,\"name\":\"Startseite\",\"item\":\"https:\\\/\\\/www.bjckm.de\\\/\"},{\"@type\":\"ListItem\",\"position\":2,\"name\":\"Bundesjugendschreiben verl\u00e4ngert bis 30. September 2021\"}]},{\"@type\":\"WebSite\",\"@id\":\"https:\\\/\\\/www.bjckm.de\\\/#website\",\"url\":\"https:\\\/\\\/www.bjckm.de\\\/\",\"name\":\"BJCKM\",\"description\":\"Bundesjugend f\u00fcr Computer, Kurzschrift und Medien\",\"publisher\":{\"@id\":\"https:\\\/\\\/www.bjckm.de\\\/#organization\"},\"potentialAction\":[{\"@type\":\"SearchAction\",\"target\":{\"@type\":\"EntryPoint\",\"urlTemplate\":\"https:\\\/\\\/www.bjckm.de\\\/?s={search_term_string}\"},\"query-input\":{\"@type\":\"PropertyValueSpecification\",\"valueRequired\":true,\"valueName\":\"search_term_string\"}}],\"inLanguage\":\"de\"},{\"@type\":\"Organization\",\"@id\":\"https:\\\/\\\/www.bjckm.de\\\/#organization\",\"name\":\"Bundesjugend f\u00fcr Computer, Kurzschrift und Medien\",\"url\":\"https:\\\/\\\/www.bjckm.de\\\/\",\"logo\":{\"@type\":\"ImageObject\",\"inLanguage\":\"de\",\"@id\":\"https:\\\/\\\/www.bjckm.de\\\/#\\\/schema\\\/logo\\\/image\\\/\",\"url\":\"https:\\\/\\\/www.bjckm.de\\\/wp-content\\\/uploads\\\/2019\\\/10\\\/cropped-logo_bjckm_farbe_text_12000x3375-e1571842379885.png\",\"contentUrl\":\"https:\\\/\\\/www.bjckm.de\\\/wp-content\\\/uploads\\\/2019\\\/10\\\/cropped-logo_bjckm_farbe_text_12000x3375-e1571842379885.png\",\"width\":583,\"height\":115,\"caption\":\"Bundesjugend f\u00fcr Computer, Kurzschrift und Medien\"},\"image\":{\"@id\":\"https:\\\/\\\/www.bjckm.de\\\/#\\\/schema\\\/logo\\\/image\\\/\"},\"sameAs\":[\"https:\\\/\\\/www.facebook.com\\\/bjckm\",\"https:\\\/\\\/x.com\\\/bjckm_steno\",\"https:\\\/\\\/www.instagram.com\\\/bjckm19\"]},{\"@type\":\"Person\",\"@id\":\"https:\\\/\\\/www.bjckm.de\\\/#\\\/schema\\\/person\\\/b68002e8544802f1315876d3fa1d060d\",\"name\":\"Roman Hoos\",\"image\":{\"@type\":\"ImageObject\",\"inLanguage\":\"de\",\"@id\":\"https:\\\/\\\/secure.gravatar.com\\\/avatar\\\/75ad1c3a9d25ea176b8b64a87458efe6db5a831a9b5816bfede5a151bb2cdbdc?s=96&d=mm&r=g\",\"url\":\"https:\\\/\\\/secure.gravatar.com\\\/avatar\\\/75ad1c3a9d25ea176b8b64a87458efe6db5a831a9b5816bfede5a151bb2cdbdc?s=96&d=mm&r=g\",\"contentUrl\":\"https:\\\/\\\/secure.gravatar.com\\\/avatar\\\/75ad1c3a9d25ea176b8b64a87458efe6db5a831a9b5816bfede5a151bb2cdbdc?s=96&d=mm&r=g\",\"caption\":\"Roman Hoos\"},\"url\":\"https:\\\/\\\/www.bjckm.de\\\/index.php\\\/author\\\/roman\\\/\"}]}<\/script>\n<!-- \/ Yoast SEO plugin. -->","yoast_head_json":{"title":"Bundesjugendschreiben verl\u00e4ngert bis 30. September 2021 - BJCKM","robots":{"index":"index","follow":"follow","max-snippet":"max-snippet:-1","max-image-preview":"max-image-preview:large","max-video-preview":"max-video-preview:-1"},"canonical":"https:\/\/www.bjckm.de\/index.php\/bjs21-verlaengert-september\/","og_locale":"de_DE","og_type":"article","og_title":"Bundesjugendschreiben verl\u00e4ngert bis 30. September 2021 - BJCKM","og_description":"Der Durchf\u00fchrungszeitraum des 48. Bundesjugendschreibens ist verl\u00e4ngert bis zum 30. September 2021. Durch die Verl\u00e4ngerung bis nach den Sommerferien m\u00f6chten wir noch m\u00f6glichst vielen Veranstaltern die Teilnahme ihrer Schreiberinnen und Schreiber am Wettbewerb erm\u00f6glichen.","og_url":"https:\/\/www.bjckm.de\/index.php\/bjs21-verlaengert-september\/","og_site_name":"BJCKM","article_publisher":"https:\/\/www.facebook.com\/bjckm","article_published_time":"2021-05-04T16:05:01+00:00","author":"Roman Hoos","twitter_card":"summary_large_image","twitter_creator":"@bjckm_steno","twitter_site":"@bjckm_steno","twitter_misc":{"Verfasst von":"Roman Hoos","Gesch\u00e4tzte Lesezeit":"1\u00a0Minute"},"schema":{"@context":"https:\/\/schema.org","@graph":[{"@type":"Article","@id":"https:\/\/www.bjckm.de\/index.php\/bjs21-verlaengert-september\/#article","isPartOf":{"@id":"https:\/\/www.bjckm.de\/index.php\/bjs21-verlaengert-september\/"},"author":{"name":"Roman Hoos","@id":"https:\/\/www.bjckm.de\/#\/schema\/person\/b68002e8544802f1315876d3fa1d060d"},"headline":"Bundesjugendschreiben verl\u00e4ngert bis 30. September 2021","datePublished":"2021-05-04T16:05:01+00:00","mainEntityOfPage":{"@id":"https:\/\/www.bjckm.de\/index.php\/bjs21-verlaengert-september\/"},"wordCount":42,"publisher":{"@id":"https:\/\/www.bjckm.de\/#organization"},"inLanguage":"de"},{"@type":"WebPage","@id":"https:\/\/www.bjckm.de\/index.php\/bjs21-verlaengert-september\/","url":"https:\/\/www.bjckm.de\/index.php\/bjs21-verlaengert-september\/","name":"Bundesjugendschreiben verl\u00e4ngert bis 30. September 2021 - BJCKM","isPartOf":{"@id":"https:\/\/www.bjckm.de\/#website"},"datePublished":"2021-05-04T16:05:01+00:00","breadcrumb":{"@id":"https:\/\/www.bjckm.de\/index.php\/bjs21-verlaengert-september\/#breadcrumb"},"inLanguage":"de","potentialAction":[{"@type":"ReadAction","target":["https:\/\/www.bjckm.de\/index.php\/bjs21-verlaengert-september\/"]}]},{"@type":"BreadcrumbList","@id":"https:\/\/www.bjckm.de\/index.php\/bjs21-verlaengert-september\/#breadcrumb","itemListElement":[{"@type":"ListItem","position":1,"name":"Startseite","item":"https:\/\/www.bjckm.de\/"},{"@type":"ListItem","position":2,"name":"Bundesjugendschreiben verl\u00e4ngert bis 30. September 2021"}]},{"@type":"WebSite","@id":"https:\/\/www.bjckm.de\/#website","url":"https:\/\/www.bjckm.de\/","name":"BJCKM","description":"Bundesjugend f\u00fcr Computer, Kurzschrift und Medien","publisher":{"@id":"https:\/\/www.bjckm.de\/#organization"},"potentialAction":[{"@type":"SearchAction","target":{"@type":"EntryPoint","urlTemplate":"https:\/\/www.bjckm.de\/?s={search_term_string}"},"query-input":{"@type":"PropertyValueSpecification","valueRequired":true,"valueName":"search_term_string"}}],"inLanguage":"de"},{"@type":"Organization","@id":"https:\/\/www.bjckm.de\/#organization","name":"Bundesjugend f\u00fcr Computer, Kurzschrift und Medien","url":"https:\/\/www.bjckm.de\/","logo":{"@type":"ImageObject","inLanguage":"de","@id":"https:\/\/www.bjckm.de\/#\/schema\/logo\/image\/","url":"https:\/\/www.bjckm.de\/wp-content\/uploads\/2019\/10\/cropped-logo_bjckm_farbe_text_12000x3375-e1571842379885.png","contentUrl":"https:\/\/www.bjckm.de\/wp-content\/uploads\/2019\/10\/cropped-logo_bjckm_farbe_text_12000x3375-e1571842379885.png","width":583,"height":115,"caption":"Bundesjugend f\u00fcr Computer, Kurzschrift und Medien"},"image":{"@id":"https:\/\/www.bjckm.de\/#\/schema\/logo\/image\/"},"sameAs":["https:\/\/www.facebook.com\/bjckm","https:\/\/x.com\/bjckm_steno","https:\/\/www.instagram.com\/bjckm19"]},{"@type":"Person","@id":"https:\/\/www.bjckm.de\/#\/schema\/person\/b68002e8544802f1315876d3fa1d060d","name":"Roman Hoos","image":{"@type":"ImageObject","inLanguage":"de","@id":"https:\/\/secure.gravatar.com\/avatar\/75ad1c3a9d25ea176b8b64a87458efe6db5a831a9b5816bfede5a151bb2cdbdc?s=96&d=mm&r=g","url":"https:\/\/secure.gravatar.com\/avatar\/75ad1c3a9d25ea176b8b64a87458efe6db5a831a9b5816bfede5a151bb2cdbdc?s=96&d=mm&r=g","contentUrl":"https:\/\/secure.gravatar.com\/avatar\/75ad1c3a9d25ea176b8b64a87458efe6db5a831a9b5816bfede5a151bb2cdbdc?s=96&d=mm&r=g","caption":"Roman Hoos"},"url":"https:\/\/www.bjckm.de\/index.php\/author\/roman\/"}]}},"_links":{"self":[{"href":"https:\/\/www.bjckm.de\/index.php\/wp-json\/wp\/v2\/posts\/1044","targetHints":{"allow":["GET"]}}],"collection":[{"href":"https:\/\/www.bjckm.de\/index.php\/wp-json\/wp\/v2\/posts"}],"about":[{"href":"https:\/\/www.bjckm.de\/index.php\/wp-json\/wp\/v2\/types\/post"}],"author":[{"embeddable":true,"href":"https:\/\/www.bjckm.de\/index.php\/wp-json\/wp\/v2\/users\/2"}],"replies":[{"embeddable":true,"href":"https:\/\/www.bjckm.de\/index.php\/wp-json\/wp\/v2\/comments?post=1044"}],"version-history":[{"count":3,"href":"https:\/\/www.bjckm.de\/index.php\/wp-json\/wp\/v2\/posts\/1044\/revisions"}],"predecessor-version":[{"id":1047,"href":"https:\/\/www.bjckm.de\/index.php\/wp-json\/wp\/v2\/posts\/1044\/revisions\/1047"}],"wp:attachment":[{"href":"https:\/\/www.bjckm.de\/index.php\/wp-json\/wp\/v2\/media?parent=1044"}],"wp:term":[{"taxonomy":"category","embeddable":true,"href":"https:\/\/www.bjckm.de\/index.php\/wp-json\/wp\/v2\/categories?post=1044"},{"taxonomy":"post_tag","embeddable":true,"href":"https:\/\/www.bjckm.de\/index.php\/wp-json\/wp\/v2\/tags?post=1044"}],"curies":[{"name":"wp","href":"https:\/\/api.w.org\/{rel}","templated":true}]}}