{"id":1336,"date":"2022-12-21T16:50:53","date_gmt":"2022-12-21T15:50:53","guid":{"rendered":"https:\/\/www.bjckm.de\/?p=1336"},"modified":"2022-12-21T16:50:53","modified_gmt":"2022-12-21T15:50:53","slug":"herbsttreffen-2022","status":"publish","type":"post","link":"https:\/\/www.bjckm.de\/index.php\/herbsttreffen-2022\/","title":{"rendered":"Herbsttreffen 2022"},"content":{"rendered":"<p>Am 5. und 6. November 2022 trafen sich sowohl die Mitglieder der BJCKM als auch weitere interessierte Tastenfreundinnen und Tastenfreunde zu einem spannenden Wochenende in Bad Neuenahr-Ahrweiler.<\/p>\n<p>Nach der Anreise am Samstag startete das gemeinsame Erlebnis zun\u00e4chst mit einem kleinen Nachmittagsimbiss, welcher bei Kaffee und Kuchen, sowie Tee und einigen kleineren Kaltgetr\u00e4nken, Raum f\u00fcr Austausch und Gespr\u00e4che bot.<\/p>\n<p>Anschlie\u00dfend startete das Team, deren Mitglieder und interessierten Teilnehmerinnen und Teilnehmer aus den verschiedensten Bereichen Deutschlands angereist waren, mit der gemeinsamen Ausarbeitung. Auf der Agenda stand die Planung des Rahmenprogramms sowohl bei den anstehenden Deutschen Meisterschaften Mitte Mai in Bad Breisig als auch der 50. Bundessiegerehrung der BJCKM in K\u00f6ln\u2013Deutz im kommenden Juni.<\/p>\n<p>Dar\u00fcber hinaus wurde auch das Bundesjugendschreiben 2022 besprochen, bei dem nach der Coronapandemie wieder eine \u00fcberraschende hohe Teilnehmerzahl zu verzeichnen war. Unser Dank gilt an dieser Stelle allen Schulen und Vereinen, die das Bundesjugendschreiben durchf\u00fchrten, sowie der Gesch\u00e4ftsstelle und allen weiteren Helferinnen und Helfern, ohne die die Organisation gar nicht erst m\u00f6glich gewesen w\u00e4re. Die Planungen f\u00fcr das Bundesjugendschreiben 2023 laufen und wir hoffen alte und neue Veranstalter zu gewinnen.<br \/>\nDie Veranstaltungen der BJCKM f\u00fcr 2023 sind als Pr\u00e4senzveranstaltungen geplant. Termine und Orte hierzu findet Ihr bereits auf unserer Internetseite.<\/p>\n<p>Nach einem gemeinsamen Abendessen lie\u00df man den Abend entspannt bei einer gem\u00fctlichen Runde in der st\u00e4dtischen Altstadt ausklingen. Am n\u00e4chsten Morgen wurde dann noch der letzte Feinschliff ausgearbeitet, bevor die Teilnehmerinnen und Teilnehmer gemeinsam nach Bad Breisig, dem Austragungsort der kommenden Deutschen Meisterschaften, aufbrachen, um sich bereits mit der Stadt und den Veranstaltungsorten vertraut zu machen. Nach einem abschlie\u00dfenden Spaziergang entlang des Rheins machten sich dann die Schriftfreundinnen und Schriftfreunde am fr\u00fchen Sonntagnachmittag auf den Heimweg.<\/p>\n<p>Wir danken allen Teilnehmerinnen und Teilnehmern f\u00fcr die spannenden Diskussionen und Ideen in harmonischer Atmosph\u00e4re. Wir freuen uns auf ein gemeinsames 2023 mit Euch.<\/p>\n<p>Besinnliche Festtage und einen guten Rutsch ins neue Jahr w\u00fcnschen Euch Mika und Larissa.<\/p>\n","protected":false},"excerpt":{"rendered":"<p>Am 5. und 6. November 2022 trafen sich sowohl die Mitglieder der BJCKM als auch weitere interessierte Tastenfreundinnen und Tastenfreunde zu einem spannenden Wochenende in Bad Neuenahr-Ahrweiler. Nach der Anreise am Samstag startete das gemeinsame Erlebnis zun\u00e4chst mit einem kleinen Nachmittagsimbiss, welcher bei Kaffee und Kuchen, sowie Tee und einigen kleineren Kaltgetr\u00e4nken, Raum f\u00fcr Austausch und Gespr\u00e4che bot. Anschlie\u00dfend startete<\/p>\n","protected":false},"author":2,"featured_media":0,"comment_status":"closed","ping_status":"closed","sticky":false,"template":"","format":"standard","meta":{"footnotes":""},"categories":[1],"tags":[],"class_list":["post-1336","post","type-post","status-publish","format-standard","hentry","category-allgemein","","tg-column-two"],"yoast_head":"<!-- This site is optimized with the Yoast SEO plugin v27.4 - https:\/\/yoast.com\/product\/yoast-seo-wordpress\/ -->\n<title>Herbsttreffen 2022 - BJCKM<\/title>\n<meta name=\"robots\" content=\"index, follow, max-snippet:-1, max-image-preview:large, max-video-preview:-1\" \/>\n<link rel=\"canonical\" href=\"https:\/\/www.bjckm.de\/index.php\/herbsttreffen-2022\/\" \/>\n<meta property=\"og:locale\" content=\"de_DE\" \/>\n<meta property=\"og:type\" content=\"article\" \/>\n<meta property=\"og:title\" content=\"Herbsttreffen 2022 - BJCKM\" \/>\n<meta property=\"og:description\" content=\"Am 5. und 6. November 2022 trafen sich sowohl die Mitglieder der BJCKM als auch weitere interessierte Tastenfreundinnen und Tastenfreunde zu einem spannenden Wochenende in Bad Neuenahr-Ahrweiler. Nach der Anreise am Samstag startete das gemeinsame Erlebnis zun\u00e4chst mit einem kleinen Nachmittagsimbiss, welcher bei Kaffee und Kuchen, sowie Tee und einigen kleineren Kaltgetr\u00e4nken, Raum f\u00fcr Austausch und Gespr\u00e4che bot. Anschlie\u00dfend startete\" \/>\n<meta property=\"og:url\" content=\"https:\/\/www.bjckm.de\/index.php\/herbsttreffen-2022\/\" \/>\n<meta property=\"og:site_name\" content=\"BJCKM\" \/>\n<meta property=\"article:publisher\" content=\"https:\/\/www.facebook.com\/bjckm\" \/>\n<meta property=\"article:published_time\" content=\"2022-12-21T15:50:53+00:00\" \/>\n<meta name=\"author\" content=\"Roman Hoos\" \/>\n<meta name=\"twitter:card\" content=\"summary_large_image\" \/>\n<meta name=\"twitter:creator\" content=\"@bjckm_steno\" \/>\n<meta name=\"twitter:site\" content=\"@bjckm_steno\" \/>\n<meta name=\"twitter:label1\" content=\"Verfasst von\" \/>\n\t<meta name=\"twitter:data1\" content=\"Roman Hoos\" \/>\n\t<meta name=\"twitter:label2\" content=\"Gesch\u00e4tzte Lesezeit\" \/>\n\t<meta name=\"twitter:data2\" content=\"2\u00a0Minuten\" \/>\n<script type=\"application\/ld+json\" class=\"yoast-schema-graph\">{\"@context\":\"https:\\\/\\\/schema.org\",\"@graph\":[{\"@type\":\"Article\",\"@id\":\"https:\\\/\\\/www.bjckm.de\\\/index.php\\\/herbsttreffen-2022\\\/#article\",\"isPartOf\":{\"@id\":\"https:\\\/\\\/www.bjckm.de\\\/index.php\\\/herbsttreffen-2022\\\/\"},\"author\":{\"name\":\"Roman Hoos\",\"@id\":\"https:\\\/\\\/www.bjckm.de\\\/#\\\/schema\\\/person\\\/b68002e8544802f1315876d3fa1d060d\"},\"headline\":\"Herbsttreffen 2022\",\"datePublished\":\"2022-12-21T15:50:53+00:00\",\"mainEntityOfPage\":{\"@id\":\"https:\\\/\\\/www.bjckm.de\\\/index.php\\\/herbsttreffen-2022\\\/\"},\"wordCount\":331,\"publisher\":{\"@id\":\"https:\\\/\\\/www.bjckm.de\\\/#organization\"},\"inLanguage\":\"de\"},{\"@type\":\"WebPage\",\"@id\":\"https:\\\/\\\/www.bjckm.de\\\/index.php\\\/herbsttreffen-2022\\\/\",\"url\":\"https:\\\/\\\/www.bjckm.de\\\/index.php\\\/herbsttreffen-2022\\\/\",\"name\":\"Herbsttreffen 2022 - BJCKM\",\"isPartOf\":{\"@id\":\"https:\\\/\\\/www.bjckm.de\\\/#website\"},\"datePublished\":\"2022-12-21T15:50:53+00:00\",\"breadcrumb\":{\"@id\":\"https:\\\/\\\/www.bjckm.de\\\/index.php\\\/herbsttreffen-2022\\\/#breadcrumb\"},\"inLanguage\":\"de\",\"potentialAction\":[{\"@type\":\"ReadAction\",\"target\":[\"https:\\\/\\\/www.bjckm.de\\\/index.php\\\/herbsttreffen-2022\\\/\"]}]},{\"@type\":\"BreadcrumbList\",\"@id\":\"https:\\\/\\\/www.bjckm.de\\\/index.php\\\/herbsttreffen-2022\\\/#breadcrumb\",\"itemListElement\":[{\"@type\":\"ListItem\",\"position\":1,\"name\":\"Startseite\",\"item\":\"https:\\\/\\\/www.bjckm.de\\\/\"},{\"@type\":\"ListItem\",\"position\":2,\"name\":\"Herbsttreffen 2022\"}]},{\"@type\":\"WebSite\",\"@id\":\"https:\\\/\\\/www.bjckm.de\\\/#website\",\"url\":\"https:\\\/\\\/www.bjckm.de\\\/\",\"name\":\"BJCKM\",\"description\":\"Bundesjugend f\u00fcr Computer, Kurzschrift und Medien\",\"publisher\":{\"@id\":\"https:\\\/\\\/www.bjckm.de\\\/#organization\"},\"potentialAction\":[{\"@type\":\"SearchAction\",\"target\":{\"@type\":\"EntryPoint\",\"urlTemplate\":\"https:\\\/\\\/www.bjckm.de\\\/?s={search_term_string}\"},\"query-input\":{\"@type\":\"PropertyValueSpecification\",\"valueRequired\":true,\"valueName\":\"search_term_string\"}}],\"inLanguage\":\"de\"},{\"@type\":\"Organization\",\"@id\":\"https:\\\/\\\/www.bjckm.de\\\/#organization\",\"name\":\"Bundesjugend f\u00fcr Computer, Kurzschrift und Medien\",\"url\":\"https:\\\/\\\/www.bjckm.de\\\/\",\"logo\":{\"@type\":\"ImageObject\",\"inLanguage\":\"de\",\"@id\":\"https:\\\/\\\/www.bjckm.de\\\/#\\\/schema\\\/logo\\\/image\\\/\",\"url\":\"https:\\\/\\\/www.bjckm.de\\\/wp-content\\\/uploads\\\/2019\\\/10\\\/cropped-logo_bjckm_farbe_text_12000x3375-e1571842379885.png\",\"contentUrl\":\"https:\\\/\\\/www.bjckm.de\\\/wp-content\\\/uploads\\\/2019\\\/10\\\/cropped-logo_bjckm_farbe_text_12000x3375-e1571842379885.png\",\"width\":583,\"height\":115,\"caption\":\"Bundesjugend f\u00fcr Computer, Kurzschrift und Medien\"},\"image\":{\"@id\":\"https:\\\/\\\/www.bjckm.de\\\/#\\\/schema\\\/logo\\\/image\\\/\"},\"sameAs\":[\"https:\\\/\\\/www.facebook.com\\\/bjckm\",\"https:\\\/\\\/x.com\\\/bjckm_steno\",\"https:\\\/\\\/www.instagram.com\\\/bjckm19\"]},{\"@type\":\"Person\",\"@id\":\"https:\\\/\\\/www.bjckm.de\\\/#\\\/schema\\\/person\\\/b68002e8544802f1315876d3fa1d060d\",\"name\":\"Roman Hoos\",\"image\":{\"@type\":\"ImageObject\",\"inLanguage\":\"de\",\"@id\":\"https:\\\/\\\/secure.gravatar.com\\\/avatar\\\/75ad1c3a9d25ea176b8b64a87458efe6db5a831a9b5816bfede5a151bb2cdbdc?s=96&d=mm&r=g\",\"url\":\"https:\\\/\\\/secure.gravatar.com\\\/avatar\\\/75ad1c3a9d25ea176b8b64a87458efe6db5a831a9b5816bfede5a151bb2cdbdc?s=96&d=mm&r=g\",\"contentUrl\":\"https:\\\/\\\/secure.gravatar.com\\\/avatar\\\/75ad1c3a9d25ea176b8b64a87458efe6db5a831a9b5816bfede5a151bb2cdbdc?s=96&d=mm&r=g\",\"caption\":\"Roman Hoos\"},\"url\":\"https:\\\/\\\/www.bjckm.de\\\/index.php\\\/author\\\/roman\\\/\"}]}<\/script>\n<!-- \/ Yoast SEO plugin. -->","yoast_head_json":{"title":"Herbsttreffen 2022 - BJCKM","robots":{"index":"index","follow":"follow","max-snippet":"max-snippet:-1","max-image-preview":"max-image-preview:large","max-video-preview":"max-video-preview:-1"},"canonical":"https:\/\/www.bjckm.de\/index.php\/herbsttreffen-2022\/","og_locale":"de_DE","og_type":"article","og_title":"Herbsttreffen 2022 - BJCKM","og_description":"Am 5. und 6. November 2022 trafen sich sowohl die Mitglieder der BJCKM als auch weitere interessierte Tastenfreundinnen und Tastenfreunde zu einem spannenden Wochenende in Bad Neuenahr-Ahrweiler. Nach der Anreise am Samstag startete das gemeinsame Erlebnis zun\u00e4chst mit einem kleinen Nachmittagsimbiss, welcher bei Kaffee und Kuchen, sowie Tee und einigen kleineren Kaltgetr\u00e4nken, Raum f\u00fcr Austausch und Gespr\u00e4che bot. Anschlie\u00dfend startete","og_url":"https:\/\/www.bjckm.de\/index.php\/herbsttreffen-2022\/","og_site_name":"BJCKM","article_publisher":"https:\/\/www.facebook.com\/bjckm","article_published_time":"2022-12-21T15:50:53+00:00","author":"Roman Hoos","twitter_card":"summary_large_image","twitter_creator":"@bjckm_steno","twitter_site":"@bjckm_steno","twitter_misc":{"Verfasst von":"Roman Hoos","Gesch\u00e4tzte Lesezeit":"2\u00a0Minuten"},"schema":{"@context":"https:\/\/schema.org","@graph":[{"@type":"Article","@id":"https:\/\/www.bjckm.de\/index.php\/herbsttreffen-2022\/#article","isPartOf":{"@id":"https:\/\/www.bjckm.de\/index.php\/herbsttreffen-2022\/"},"author":{"name":"Roman Hoos","@id":"https:\/\/www.bjckm.de\/#\/schema\/person\/b68002e8544802f1315876d3fa1d060d"},"headline":"Herbsttreffen 2022","datePublished":"2022-12-21T15:50:53+00:00","mainEntityOfPage":{"@id":"https:\/\/www.bjckm.de\/index.php\/herbsttreffen-2022\/"},"wordCount":331,"publisher":{"@id":"https:\/\/www.bjckm.de\/#organization"},"inLanguage":"de"},{"@type":"WebPage","@id":"https:\/\/www.bjckm.de\/index.php\/herbsttreffen-2022\/","url":"https:\/\/www.bjckm.de\/index.php\/herbsttreffen-2022\/","name":"Herbsttreffen 2022 - BJCKM","isPartOf":{"@id":"https:\/\/www.bjckm.de\/#website"},"datePublished":"2022-12-21T15:50:53+00:00","breadcrumb":{"@id":"https:\/\/www.bjckm.de\/index.php\/herbsttreffen-2022\/#breadcrumb"},"inLanguage":"de","potentialAction":[{"@type":"ReadAction","target":["https:\/\/www.bjckm.de\/index.php\/herbsttreffen-2022\/"]}]},{"@type":"BreadcrumbList","@id":"https:\/\/www.bjckm.de\/index.php\/herbsttreffen-2022\/#breadcrumb","itemListElement":[{"@type":"ListItem","position":1,"name":"Startseite","item":"https:\/\/www.bjckm.de\/"},{"@type":"ListItem","position":2,"name":"Herbsttreffen 2022"}]},{"@type":"WebSite","@id":"https:\/\/www.bjckm.de\/#website","url":"https:\/\/www.bjckm.de\/","name":"BJCKM","description":"Bundesjugend f\u00fcr Computer, Kurzschrift und Medien","publisher":{"@id":"https:\/\/www.bjckm.de\/#organization"},"potentialAction":[{"@type":"SearchAction","target":{"@type":"EntryPoint","urlTemplate":"https:\/\/www.bjckm.de\/?s={search_term_string}"},"query-input":{"@type":"PropertyValueSpecification","valueRequired":true,"valueName":"search_term_string"}}],"inLanguage":"de"},{"@type":"Organization","@id":"https:\/\/www.bjckm.de\/#organization","name":"Bundesjugend f\u00fcr Computer, Kurzschrift und Medien","url":"https:\/\/www.bjckm.de\/","logo":{"@type":"ImageObject","inLanguage":"de","@id":"https:\/\/www.bjckm.de\/#\/schema\/logo\/image\/","url":"https:\/\/www.bjckm.de\/wp-content\/uploads\/2019\/10\/cropped-logo_bjckm_farbe_text_12000x3375-e1571842379885.png","contentUrl":"https:\/\/www.bjckm.de\/wp-content\/uploads\/2019\/10\/cropped-logo_bjckm_farbe_text_12000x3375-e1571842379885.png","width":583,"height":115,"caption":"Bundesjugend f\u00fcr Computer, Kurzschrift und Medien"},"image":{"@id":"https:\/\/www.bjckm.de\/#\/schema\/logo\/image\/"},"sameAs":["https:\/\/www.facebook.com\/bjckm","https:\/\/x.com\/bjckm_steno","https:\/\/www.instagram.com\/bjckm19"]},{"@type":"Person","@id":"https:\/\/www.bjckm.de\/#\/schema\/person\/b68002e8544802f1315876d3fa1d060d","name":"Roman Hoos","image":{"@type":"ImageObject","inLanguage":"de","@id":"https:\/\/secure.gravatar.com\/avatar\/75ad1c3a9d25ea176b8b64a87458efe6db5a831a9b5816bfede5a151bb2cdbdc?s=96&d=mm&r=g","url":"https:\/\/secure.gravatar.com\/avatar\/75ad1c3a9d25ea176b8b64a87458efe6db5a831a9b5816bfede5a151bb2cdbdc?s=96&d=mm&r=g","contentUrl":"https:\/\/secure.gravatar.com\/avatar\/75ad1c3a9d25ea176b8b64a87458efe6db5a831a9b5816bfede5a151bb2cdbdc?s=96&d=mm&r=g","caption":"Roman Hoos"},"url":"https:\/\/www.bjckm.de\/index.php\/author\/roman\/"}]}},"_links":{"self":[{"href":"https:\/\/www.bjckm.de\/index.php\/wp-json\/wp\/v2\/posts\/1336","targetHints":{"allow":["GET"]}}],"collection":[{"href":"https:\/\/www.bjckm.de\/index.php\/wp-json\/wp\/v2\/posts"}],"about":[{"href":"https:\/\/www.bjckm.de\/index.php\/wp-json\/wp\/v2\/types\/post"}],"author":[{"embeddable":true,"href":"https:\/\/www.bjckm.de\/index.php\/wp-json\/wp\/v2\/users\/2"}],"replies":[{"embeddable":true,"href":"https:\/\/www.bjckm.de\/index.php\/wp-json\/wp\/v2\/comments?post=1336"}],"version-history":[{"count":1,"href":"https:\/\/www.bjckm.de\/index.php\/wp-json\/wp\/v2\/posts\/1336\/revisions"}],"predecessor-version":[{"id":1337,"href":"https:\/\/www.bjckm.de\/index.php\/wp-json\/wp\/v2\/posts\/1336\/revisions\/1337"}],"wp:attachment":[{"href":"https:\/\/www.bjckm.de\/index.php\/wp-json\/wp\/v2\/media?parent=1336"}],"wp:term":[{"taxonomy":"category","embeddable":true,"href":"https:\/\/www.bjckm.de\/index.php\/wp-json\/wp\/v2\/categories?post=1336"},{"taxonomy":"post_tag","embeddable":true,"href":"https:\/\/www.bjckm.de\/index.php\/wp-json\/wp\/v2\/tags?post=1336"}],"curies":[{"name":"wp","href":"https:\/\/api.w.org\/{rel}","templated":true}]}}