{"id":1517,"date":"2023-02-19T15:04:21","date_gmt":"2023-02-19T14:04:21","guid":{"rendered":"https:\/\/www.bjckm.de\/?p=1517"},"modified":"2023-02-19T15:04:21","modified_gmt":"2023-02-19T14:04:21","slug":"gregor-keller-verstorben","status":"publish","type":"post","link":"https:\/\/www.bjckm.de\/index.php\/gregor-keller-verstorben\/","title":{"rendered":"Gregor Keller verstorben"},"content":{"rendered":"<p><strong><em>Der Deutsche Stenografenbund nimmt in Trauer und mit Dankbarkeit Abschied von einem der verdientesten Stenografen Deutschlands. Schriftfreund Ernst Gregor Keller aus Darmstadt ist am Nachmittag des 8. Februar 2023 im Alter von 83 Jahren verstorben.<\/em><\/strong><!--more--><\/p>\n<p>70 Jahre geh\u00f6rte er als gl\u00fchender Anh\u00e4nger der Stenografie unserer Stenofamilie an. Er hat weltweit auf allen Ebenen der stenografischen Organisation engagiert, erfolgreich, mit Verstand und Humor gewirkt, Verantwortung \u00fcbernommen, junge Menschen motiviert, ehrenamtliche Mitarbeiter unterst\u00fctzt, unsere Werte und Anliegen in die \u00d6ffentlichkeit getragen und dokumentiert.<\/p>\n<p>1953, also vor 70 Jahren, wurde er Mitglied im Stenografenverein Darmstadt. Schon bald \u00fcbernahm er Ehren\u00e4mter als Unterrichtsleiter Kurzschrift und Jugendleiter.<\/p>\n<p>Im Hessischen Stenografenverband war er Verbandsjugendleiter und Vorstandsmitglied.<\/p>\n<p>Gregor Keller ist einer der Initiatoren des Bundesjugendschreibens, das in diesem Jahr sein 50-j\u00e4hriges Jubil\u00e4um feiern wird. J\u00e4hrlich haben zehntausende von Sch\u00fclern bundesweit ihre erworbenen F\u00e4higkeiten in Kurzschrift und im Computerschreiben unter Beweis gestellt.<\/p>\n<div class=\"wp-block-image\">\n<figure class=\"aligncenter size-medium\">\n<figure id=\"attachment_513\" aria-describedby=\"caption-attachment-513\" style=\"width: 280px\" class=\"wp-caption aligncenter\"><img loading=\"lazy\" decoding=\"async\" class=\"wp-image-513\" src=\"https:\/\/stenografenzeitung.de\/wp-content\/uploads\/2023\/02\/Keller-Gregor-2019-280x300.jpg\" sizes=\"auto, (max-width: 280px) 100vw, 280px\" srcset=\"https:\/\/stenografenzeitung.de\/wp-content\/uploads\/2023\/02\/Keller-Gregor-2019-280x300.jpg 280w, https:\/\/stenografenzeitung.de\/wp-content\/uploads\/2023\/02\/Keller-Gregor-2019.jpg 640w\" alt=\"\" width=\"280\" height=\"300\" \/><figcaption id=\"caption-attachment-513\" class=\"wp-caption-text\">Berlin, 18.11.1939 \u2013 Darmstadt, 08.02.2023<\/figcaption><\/figure><\/figure>\n<\/div>\n<p>Als Gr\u00fcnder und langj\u00e4hriger Schriftleiter der \u201estenojugend\u201c hat er ein Mitteilungsblatt geschaffen, das \u00fcber Jahrzehnte die Aktivit\u00e4ten im Jugendbereich des Stenografenbundes dokumentierte.<\/p>\n<p>Legend\u00e4r waren die internationalen Jugendtreffen, z. B. nach Dubrovnik, die er organisiert und durchgef\u00fchrt hat. Viele Stenografen, die heute Ehren\u00e4mter aus\u00fcben, sind dadurch an die Organisation gebunden worden.<\/p>\n<p>Im Deutschen Stenografenbund hat er 15 Jahre als Referent f\u00fcr \u00d6ffentlichkeitsarbeit mit seinem Team Ideen entwickelt und umgesetzt, um die Bedeutung der Kurzschrift nach au\u00dfen zu tragen.<\/p>\n<p>F\u00fcr 14 Jahre hat er als Schatzmeister die Finanzen des Stenografenbundes verwaltet und hatte kurz auch das Amt des Vizepr\u00e4sidenten inne.<\/p>\n<p>Von 1986 bis 1995 war er Pr\u00e4sident des Deutschen Stenografenbundes. In seine Amtszeit f\u00e4llt die deutsche Wiedervereinigung, die Integration der Stenografen aus den neuen Bundesl\u00e4ndern und der 38. Intersteno-Kongress 1989 in Dresden. Nach seinem Ausscheiden ernannte ihn der DStB 1996 zum bisher einzigen Ehrenpr\u00e4sidenten.<\/p>\n<p>Auch nach seinem Ausscheiden hat Schriftfreund Gregor Keller weiterhin f\u00fcr den Stenografenbund gewirkt, nahm noch viele Jahre an Sitzungen des Gesamtvorstandes und an Mitgliederversammlungen sowie an Meisterschaften teil. Alle Medaillengewinner bei Deutschen Meisterschaften hatten beim Siegerfoto stets eine von ihm gespendete Rose in der Hand. Er war Festredner bei Jubil\u00e4en des DStB, zuletzt zum 150-j\u00e4hrigen Bestehen in M\u00fcnchen. Seine Kenntnisse \u00fcber die Geschichte der Stenografie und den Systemerfinder Franz Xaver Gabelsberger waren einzigartig. Als Trauerredner bei der Beisetzung verdienter Stenografen, die vor ihm gegangen sind, traf er stets den richtigen Ton.<\/p>\n<p>Viele Jahre arbeitete Gregor Keller f\u00fcr die Internationale Federation der Intersteno. Kongresse und Sitzungen f\u00fchrten ihn durch die ganze Welt bis nach Peking. F\u00fcr seine Verdienste wurde er zum Ehrenpr\u00e4sidenten ernannt.<\/p>\n<p>Auch die Intersteno Deutschland ernannte ihn nach jahrzehntelanger, erfolgreicher Arbeit zum Ehrenpr\u00e4sidenten. Als Pr\u00e4sident pflegte er die Kontakte mit den Wettschreibern aus Deutschland und mit den internationalen Verb\u00e4nden.<\/p>\n<p>Im Hauptberuf war Gregor Keller als beamteter Pr\u00fcfer einer gro\u00dfen Krankenkasse in Hessen t\u00e4tig.<\/p>\n<p>Sein letzter gro\u00dfer Auftritt war bei der Feier zum 150-j\u00e4hrigen Bestehen des VfI NRW; hier erhielt er die h\u00f6chste Auszeichnung des Deutschen Stenografenbundes, die Plakette in Gold.<\/p>\n<p>Das Land Hessen hat ihm den Ehrenbrief verliehen. Gregor Keller wurde als verdienter B\u00fcrger der Stadt Darmstadt ausgezeichnet. Er ist Tr\u00e4ger der Verdienstmedaille des Verdienstordens und des Bundesverdienstkreuzes am Bande.<\/p>\n<p>Mit Gregor Keller verlieren wir einen gro\u00dfen Stenografen und Freund, an den wir uns stets gerne erinnern werden und dem wir dankbar f\u00fcr seine Lebensleistung in unserer Organisation sind.<\/p>\n<p>R. Karbowski<br \/>\nVizepr\u00e4sident<\/p>\n","protected":false},"excerpt":{"rendered":"<p>Der Deutsche Stenografenbund nimmt in Trauer und mit Dankbarkeit Abschied von einem der verdientesten Stenografen Deutschlands. Schriftfreund Ernst Gregor Keller aus Darmstadt ist am Nachmittag des 8. Februar 2023 im Alter von 83 Jahren verstorben.<\/p>\n","protected":false},"author":2,"featured_media":1519,"comment_status":"closed","ping_status":"closed","sticky":false,"template":"","format":"standard","meta":{"footnotes":""},"categories":[1],"tags":[],"class_list":["post-1517","post","type-post","status-publish","format-standard","has-post-thumbnail","hentry","category-allgemein","","tg-column-two"],"yoast_head":"<!-- This site is optimized with the Yoast SEO plugin v27.4 - https:\/\/yoast.com\/product\/yoast-seo-wordpress\/ -->\n<title>Gregor Keller verstorben - BJCKM<\/title>\n<meta name=\"robots\" content=\"index, follow, max-snippet:-1, max-image-preview:large, max-video-preview:-1\" \/>\n<link rel=\"canonical\" href=\"https:\/\/www.bjckm.de\/index.php\/gregor-keller-verstorben\/\" \/>\n<meta property=\"og:locale\" content=\"de_DE\" \/>\n<meta property=\"og:type\" content=\"article\" \/>\n<meta property=\"og:title\" content=\"Gregor Keller verstorben - BJCKM\" \/>\n<meta property=\"og:description\" content=\"Der Deutsche Stenografenbund nimmt in Trauer und mit Dankbarkeit Abschied von einem der verdientesten Stenografen Deutschlands. Schriftfreund Ernst Gregor Keller aus Darmstadt ist am Nachmittag des 8. Februar 2023 im Alter von 83 Jahren verstorben.\" \/>\n<meta property=\"og:url\" content=\"https:\/\/www.bjckm.de\/index.php\/gregor-keller-verstorben\/\" \/>\n<meta property=\"og:site_name\" content=\"BJCKM\" \/>\n<meta property=\"article:publisher\" content=\"https:\/\/www.facebook.com\/bjckm\" \/>\n<meta property=\"article:published_time\" content=\"2023-02-19T14:04:21+00:00\" \/>\n<meta property=\"og:image\" content=\"https:\/\/www.bjckm.de\/wp-content\/uploads\/2023\/02\/Gregor-Keller-sw.jpg\" \/>\n\t<meta property=\"og:image:width\" content=\"640\" \/>\n\t<meta property=\"og:image:height\" content=\"686\" \/>\n\t<meta property=\"og:image:type\" content=\"image\/jpeg\" \/>\n<meta name=\"author\" content=\"Roman Hoos\" \/>\n<meta name=\"twitter:card\" content=\"summary_large_image\" \/>\n<meta name=\"twitter:creator\" content=\"@bjckm_steno\" \/>\n<meta name=\"twitter:site\" content=\"@bjckm_steno\" \/>\n<meta name=\"twitter:label1\" content=\"Verfasst von\" \/>\n\t<meta name=\"twitter:data1\" content=\"Roman Hoos\" \/>\n\t<meta name=\"twitter:label2\" content=\"Gesch\u00e4tzte Lesezeit\" \/>\n\t<meta name=\"twitter:data2\" content=\"4\u00a0Minuten\" \/>\n<script type=\"application\/ld+json\" class=\"yoast-schema-graph\">{\"@context\":\"https:\\\/\\\/schema.org\",\"@graph\":[{\"@type\":\"Article\",\"@id\":\"https:\\\/\\\/www.bjckm.de\\\/index.php\\\/gregor-keller-verstorben\\\/#article\",\"isPartOf\":{\"@id\":\"https:\\\/\\\/www.bjckm.de\\\/index.php\\\/gregor-keller-verstorben\\\/\"},\"author\":{\"name\":\"Roman Hoos\",\"@id\":\"https:\\\/\\\/www.bjckm.de\\\/#\\\/schema\\\/person\\\/b68002e8544802f1315876d3fa1d060d\"},\"headline\":\"Gregor Keller verstorben\",\"datePublished\":\"2023-02-19T14:04:21+00:00\",\"mainEntityOfPage\":{\"@id\":\"https:\\\/\\\/www.bjckm.de\\\/index.php\\\/gregor-keller-verstorben\\\/\"},\"wordCount\":585,\"publisher\":{\"@id\":\"https:\\\/\\\/www.bjckm.de\\\/#organization\"},\"image\":{\"@id\":\"https:\\\/\\\/www.bjckm.de\\\/index.php\\\/gregor-keller-verstorben\\\/#primaryimage\"},\"thumbnailUrl\":\"https:\\\/\\\/www.bjckm.de\\\/wp-content\\\/uploads\\\/2023\\\/02\\\/Gregor-Keller-sw.jpg\",\"inLanguage\":\"de\"},{\"@type\":\"WebPage\",\"@id\":\"https:\\\/\\\/www.bjckm.de\\\/index.php\\\/gregor-keller-verstorben\\\/\",\"url\":\"https:\\\/\\\/www.bjckm.de\\\/index.php\\\/gregor-keller-verstorben\\\/\",\"name\":\"Gregor Keller verstorben - BJCKM\",\"isPartOf\":{\"@id\":\"https:\\\/\\\/www.bjckm.de\\\/#website\"},\"primaryImageOfPage\":{\"@id\":\"https:\\\/\\\/www.bjckm.de\\\/index.php\\\/gregor-keller-verstorben\\\/#primaryimage\"},\"image\":{\"@id\":\"https:\\\/\\\/www.bjckm.de\\\/index.php\\\/gregor-keller-verstorben\\\/#primaryimage\"},\"thumbnailUrl\":\"https:\\\/\\\/www.bjckm.de\\\/wp-content\\\/uploads\\\/2023\\\/02\\\/Gregor-Keller-sw.jpg\",\"datePublished\":\"2023-02-19T14:04:21+00:00\",\"breadcrumb\":{\"@id\":\"https:\\\/\\\/www.bjckm.de\\\/index.php\\\/gregor-keller-verstorben\\\/#breadcrumb\"},\"inLanguage\":\"de\",\"potentialAction\":[{\"@type\":\"ReadAction\",\"target\":[\"https:\\\/\\\/www.bjckm.de\\\/index.php\\\/gregor-keller-verstorben\\\/\"]}]},{\"@type\":\"ImageObject\",\"inLanguage\":\"de\",\"@id\":\"https:\\\/\\\/www.bjckm.de\\\/index.php\\\/gregor-keller-verstorben\\\/#primaryimage\",\"url\":\"https:\\\/\\\/www.bjckm.de\\\/wp-content\\\/uploads\\\/2023\\\/02\\\/Gregor-Keller-sw.jpg\",\"contentUrl\":\"https:\\\/\\\/www.bjckm.de\\\/wp-content\\\/uploads\\\/2023\\\/02\\\/Gregor-Keller-sw.jpg\",\"width\":640,\"height\":686},{\"@type\":\"BreadcrumbList\",\"@id\":\"https:\\\/\\\/www.bjckm.de\\\/index.php\\\/gregor-keller-verstorben\\\/#breadcrumb\",\"itemListElement\":[{\"@type\":\"ListItem\",\"position\":1,\"name\":\"Startseite\",\"item\":\"https:\\\/\\\/www.bjckm.de\\\/\"},{\"@type\":\"ListItem\",\"position\":2,\"name\":\"Gregor Keller verstorben\"}]},{\"@type\":\"WebSite\",\"@id\":\"https:\\\/\\\/www.bjckm.de\\\/#website\",\"url\":\"https:\\\/\\\/www.bjckm.de\\\/\",\"name\":\"BJCKM\",\"description\":\"Bundesjugend f\u00fcr Computer, Kurzschrift und Medien\",\"publisher\":{\"@id\":\"https:\\\/\\\/www.bjckm.de\\\/#organization\"},\"potentialAction\":[{\"@type\":\"SearchAction\",\"target\":{\"@type\":\"EntryPoint\",\"urlTemplate\":\"https:\\\/\\\/www.bjckm.de\\\/?s={search_term_string}\"},\"query-input\":{\"@type\":\"PropertyValueSpecification\",\"valueRequired\":true,\"valueName\":\"search_term_string\"}}],\"inLanguage\":\"de\"},{\"@type\":\"Organization\",\"@id\":\"https:\\\/\\\/www.bjckm.de\\\/#organization\",\"name\":\"Bundesjugend f\u00fcr Computer, Kurzschrift und Medien\",\"url\":\"https:\\\/\\\/www.bjckm.de\\\/\",\"logo\":{\"@type\":\"ImageObject\",\"inLanguage\":\"de\",\"@id\":\"https:\\\/\\\/www.bjckm.de\\\/#\\\/schema\\\/logo\\\/image\\\/\",\"url\":\"https:\\\/\\\/www.bjckm.de\\\/wp-content\\\/uploads\\\/2019\\\/10\\\/cropped-logo_bjckm_farbe_text_12000x3375-e1571842379885.png\",\"contentUrl\":\"https:\\\/\\\/www.bjckm.de\\\/wp-content\\\/uploads\\\/2019\\\/10\\\/cropped-logo_bjckm_farbe_text_12000x3375-e1571842379885.png\",\"width\":583,\"height\":115,\"caption\":\"Bundesjugend f\u00fcr Computer, Kurzschrift und Medien\"},\"image\":{\"@id\":\"https:\\\/\\\/www.bjckm.de\\\/#\\\/schema\\\/logo\\\/image\\\/\"},\"sameAs\":[\"https:\\\/\\\/www.facebook.com\\\/bjckm\",\"https:\\\/\\\/x.com\\\/bjckm_steno\",\"https:\\\/\\\/www.instagram.com\\\/bjckm19\"]},{\"@type\":\"Person\",\"@id\":\"https:\\\/\\\/www.bjckm.de\\\/#\\\/schema\\\/person\\\/b68002e8544802f1315876d3fa1d060d\",\"name\":\"Roman Hoos\",\"image\":{\"@type\":\"ImageObject\",\"inLanguage\":\"de\",\"@id\":\"https:\\\/\\\/secure.gravatar.com\\\/avatar\\\/75ad1c3a9d25ea176b8b64a87458efe6db5a831a9b5816bfede5a151bb2cdbdc?s=96&d=mm&r=g\",\"url\":\"https:\\\/\\\/secure.gravatar.com\\\/avatar\\\/75ad1c3a9d25ea176b8b64a87458efe6db5a831a9b5816bfede5a151bb2cdbdc?s=96&d=mm&r=g\",\"contentUrl\":\"https:\\\/\\\/secure.gravatar.com\\\/avatar\\\/75ad1c3a9d25ea176b8b64a87458efe6db5a831a9b5816bfede5a151bb2cdbdc?s=96&d=mm&r=g\",\"caption\":\"Roman Hoos\"},\"url\":\"https:\\\/\\\/www.bjckm.de\\\/index.php\\\/author\\\/roman\\\/\"}]}<\/script>\n<!-- \/ Yoast SEO plugin. -->","yoast_head_json":{"title":"Gregor Keller verstorben - BJCKM","robots":{"index":"index","follow":"follow","max-snippet":"max-snippet:-1","max-image-preview":"max-image-preview:large","max-video-preview":"max-video-preview:-1"},"canonical":"https:\/\/www.bjckm.de\/index.php\/gregor-keller-verstorben\/","og_locale":"de_DE","og_type":"article","og_title":"Gregor Keller verstorben - BJCKM","og_description":"Der Deutsche Stenografenbund nimmt in Trauer und mit Dankbarkeit Abschied von einem der verdientesten Stenografen Deutschlands. Schriftfreund Ernst Gregor Keller aus Darmstadt ist am Nachmittag des 8. Februar 2023 im Alter von 83 Jahren verstorben.","og_url":"https:\/\/www.bjckm.de\/index.php\/gregor-keller-verstorben\/","og_site_name":"BJCKM","article_publisher":"https:\/\/www.facebook.com\/bjckm","article_published_time":"2023-02-19T14:04:21+00:00","og_image":[{"width":640,"height":686,"url":"https:\/\/www.bjckm.de\/wp-content\/uploads\/2023\/02\/Gregor-Keller-sw.jpg","type":"image\/jpeg"}],"author":"Roman Hoos","twitter_card":"summary_large_image","twitter_creator":"@bjckm_steno","twitter_site":"@bjckm_steno","twitter_misc":{"Verfasst von":"Roman Hoos","Gesch\u00e4tzte Lesezeit":"4\u00a0Minuten"},"schema":{"@context":"https:\/\/schema.org","@graph":[{"@type":"Article","@id":"https:\/\/www.bjckm.de\/index.php\/gregor-keller-verstorben\/#article","isPartOf":{"@id":"https:\/\/www.bjckm.de\/index.php\/gregor-keller-verstorben\/"},"author":{"name":"Roman Hoos","@id":"https:\/\/www.bjckm.de\/#\/schema\/person\/b68002e8544802f1315876d3fa1d060d"},"headline":"Gregor Keller verstorben","datePublished":"2023-02-19T14:04:21+00:00","mainEntityOfPage":{"@id":"https:\/\/www.bjckm.de\/index.php\/gregor-keller-verstorben\/"},"wordCount":585,"publisher":{"@id":"https:\/\/www.bjckm.de\/#organization"},"image":{"@id":"https:\/\/www.bjckm.de\/index.php\/gregor-keller-verstorben\/#primaryimage"},"thumbnailUrl":"https:\/\/www.bjckm.de\/wp-content\/uploads\/2023\/02\/Gregor-Keller-sw.jpg","inLanguage":"de"},{"@type":"WebPage","@id":"https:\/\/www.bjckm.de\/index.php\/gregor-keller-verstorben\/","url":"https:\/\/www.bjckm.de\/index.php\/gregor-keller-verstorben\/","name":"Gregor Keller verstorben - BJCKM","isPartOf":{"@id":"https:\/\/www.bjckm.de\/#website"},"primaryImageOfPage":{"@id":"https:\/\/www.bjckm.de\/index.php\/gregor-keller-verstorben\/#primaryimage"},"image":{"@id":"https:\/\/www.bjckm.de\/index.php\/gregor-keller-verstorben\/#primaryimage"},"thumbnailUrl":"https:\/\/www.bjckm.de\/wp-content\/uploads\/2023\/02\/Gregor-Keller-sw.jpg","datePublished":"2023-02-19T14:04:21+00:00","breadcrumb":{"@id":"https:\/\/www.bjckm.de\/index.php\/gregor-keller-verstorben\/#breadcrumb"},"inLanguage":"de","potentialAction":[{"@type":"ReadAction","target":["https:\/\/www.bjckm.de\/index.php\/gregor-keller-verstorben\/"]}]},{"@type":"ImageObject","inLanguage":"de","@id":"https:\/\/www.bjckm.de\/index.php\/gregor-keller-verstorben\/#primaryimage","url":"https:\/\/www.bjckm.de\/wp-content\/uploads\/2023\/02\/Gregor-Keller-sw.jpg","contentUrl":"https:\/\/www.bjckm.de\/wp-content\/uploads\/2023\/02\/Gregor-Keller-sw.jpg","width":640,"height":686},{"@type":"BreadcrumbList","@id":"https:\/\/www.bjckm.de\/index.php\/gregor-keller-verstorben\/#breadcrumb","itemListElement":[{"@type":"ListItem","position":1,"name":"Startseite","item":"https:\/\/www.bjckm.de\/"},{"@type":"ListItem","position":2,"name":"Gregor Keller verstorben"}]},{"@type":"WebSite","@id":"https:\/\/www.bjckm.de\/#website","url":"https:\/\/www.bjckm.de\/","name":"BJCKM","description":"Bundesjugend f\u00fcr Computer, Kurzschrift und Medien","publisher":{"@id":"https:\/\/www.bjckm.de\/#organization"},"potentialAction":[{"@type":"SearchAction","target":{"@type":"EntryPoint","urlTemplate":"https:\/\/www.bjckm.de\/?s={search_term_string}"},"query-input":{"@type":"PropertyValueSpecification","valueRequired":true,"valueName":"search_term_string"}}],"inLanguage":"de"},{"@type":"Organization","@id":"https:\/\/www.bjckm.de\/#organization","name":"Bundesjugend f\u00fcr Computer, Kurzschrift und Medien","url":"https:\/\/www.bjckm.de\/","logo":{"@type":"ImageObject","inLanguage":"de","@id":"https:\/\/www.bjckm.de\/#\/schema\/logo\/image\/","url":"https:\/\/www.bjckm.de\/wp-content\/uploads\/2019\/10\/cropped-logo_bjckm_farbe_text_12000x3375-e1571842379885.png","contentUrl":"https:\/\/www.bjckm.de\/wp-content\/uploads\/2019\/10\/cropped-logo_bjckm_farbe_text_12000x3375-e1571842379885.png","width":583,"height":115,"caption":"Bundesjugend f\u00fcr Computer, Kurzschrift und Medien"},"image":{"@id":"https:\/\/www.bjckm.de\/#\/schema\/logo\/image\/"},"sameAs":["https:\/\/www.facebook.com\/bjckm","https:\/\/x.com\/bjckm_steno","https:\/\/www.instagram.com\/bjckm19"]},{"@type":"Person","@id":"https:\/\/www.bjckm.de\/#\/schema\/person\/b68002e8544802f1315876d3fa1d060d","name":"Roman Hoos","image":{"@type":"ImageObject","inLanguage":"de","@id":"https:\/\/secure.gravatar.com\/avatar\/75ad1c3a9d25ea176b8b64a87458efe6db5a831a9b5816bfede5a151bb2cdbdc?s=96&d=mm&r=g","url":"https:\/\/secure.gravatar.com\/avatar\/75ad1c3a9d25ea176b8b64a87458efe6db5a831a9b5816bfede5a151bb2cdbdc?s=96&d=mm&r=g","contentUrl":"https:\/\/secure.gravatar.com\/avatar\/75ad1c3a9d25ea176b8b64a87458efe6db5a831a9b5816bfede5a151bb2cdbdc?s=96&d=mm&r=g","caption":"Roman Hoos"},"url":"https:\/\/www.bjckm.de\/index.php\/author\/roman\/"}]}},"_links":{"self":[{"href":"https:\/\/www.bjckm.de\/index.php\/wp-json\/wp\/v2\/posts\/1517","targetHints":{"allow":["GET"]}}],"collection":[{"href":"https:\/\/www.bjckm.de\/index.php\/wp-json\/wp\/v2\/posts"}],"about":[{"href":"https:\/\/www.bjckm.de\/index.php\/wp-json\/wp\/v2\/types\/post"}],"author":[{"embeddable":true,"href":"https:\/\/www.bjckm.de\/index.php\/wp-json\/wp\/v2\/users\/2"}],"replies":[{"embeddable":true,"href":"https:\/\/www.bjckm.de\/index.php\/wp-json\/wp\/v2\/comments?post=1517"}],"version-history":[{"count":1,"href":"https:\/\/www.bjckm.de\/index.php\/wp-json\/wp\/v2\/posts\/1517\/revisions"}],"predecessor-version":[{"id":1520,"href":"https:\/\/www.bjckm.de\/index.php\/wp-json\/wp\/v2\/posts\/1517\/revisions\/1520"}],"wp:featuredmedia":[{"embeddable":true,"href":"https:\/\/www.bjckm.de\/index.php\/wp-json\/wp\/v2\/media\/1519"}],"wp:attachment":[{"href":"https:\/\/www.bjckm.de\/index.php\/wp-json\/wp\/v2\/media?parent=1517"}],"wp:term":[{"taxonomy":"category","embeddable":true,"href":"https:\/\/www.bjckm.de\/index.php\/wp-json\/wp\/v2\/categories?post=1517"},{"taxonomy":"post_tag","embeddable":true,"href":"https:\/\/www.bjckm.de\/index.php\/wp-json\/wp\/v2\/tags?post=1517"}],"curies":[{"name":"wp","href":"https:\/\/api.w.org\/{rel}","templated":true}]}}