{"id":1715,"date":"2024-01-09T18:58:18","date_gmt":"2024-01-09T17:58:18","guid":{"rendered":"https:\/\/www.bjckm.de\/?p=1715"},"modified":"2024-01-09T18:58:18","modified_gmt":"2024-01-09T17:58:18","slug":"zeitraum-bjs-ab-25","status":"publish","type":"post","link":"https:\/\/www.bjckm.de\/index.php\/zeitraum-bjs-ab-25\/","title":{"rendered":"Neuer Durchf\u00fchrungszeitraum f\u00fcr das BJS ab 2025"},"content":{"rendered":"<p>Das Bundesjugendschreiben bekommt einen neuen Durchf\u00fchrungszeitraum! Ab <strong>Sommer 2025<\/strong> wird der Beginn des Bundesjugendschreibens an den Beginn des Schuljahres angepasst, sodass die Durchf\u00fchrung in beiden Schulhalbjahren erleichtert wird. Damit keine &#8222;Leerzeit&#8220; entsteht, wird das 53.\u00a0Bundesjugendschreiben nach kurzer Sommerpause direkt auf das 52.\u00a0Bundesjugendschreiben folgen.<!--more--><\/p>\n<p>Zum \u00dcberblick die Termine der n\u00e4chsten Bundesjugendschreiben:<div class=\"su-table su-table-responsive su-table-alternate\">\n<table>\n<tbody>\n<tr>\n<td style=\"text-align: center\"><strong>Bundesjugendschreiben<\/strong><\/td>\n<td style=\"text-align: center\"><strong>Termin<\/strong><\/td>\n<\/tr>\n<tr>\n<td>51. Bundesjugendschreiben<\/td>\n<td>15.01.2024 &#8211; 01.06.2024 (bis 31.12.2024 ohne Bundeswertung)<\/td>\n<\/tr>\n<tr>\n<td>52. Bundesjugendschreiben<\/td>\n<td>15.01.2025 &#8211; 13.06.2025<\/td>\n<\/tr>\n<tr>\n<td><strong>53. Bundesjugendschreiben<\/strong><\/td>\n<td><strong>01.08.2025 &#8211; 13.06.2026<\/strong><\/td>\n<\/tr>\n<\/tbody>\n<\/table>\n<\/div>\nBei Fragen stehen wir Ihnen gerne unter <a href=\"mailto:info@bjckm.de\">info@bjckm.de<\/a> oder telefonisch unter 0231 13767973 zur Verf\u00fcgung.<\/p>\n","protected":false},"excerpt":{"rendered":"<p>Das Bundesjugendschreiben bekommt einen neuen Durchf\u00fchrungszeitraum! Ab Sommer 2025 wird der Beginn des Bundesjugendschreibens an den Beginn des Schuljahres angepasst, sodass die Durchf\u00fchrung in beiden Schulhalbjahren erleichtert wird. Damit keine &#8222;Leerzeit&#8220; entsteht, wird das 53.\u00a0Bundesjugendschreiben nach kurzer Sommerpause direkt auf das 52.\u00a0Bundesjugendschreiben folgen.<\/p>\n","protected":false},"author":2,"featured_media":0,"comment_status":"closed","ping_status":"closed","sticky":false,"template":"","format":"standard","meta":{"footnotes":""},"categories":[1],"tags":[],"class_list":["post-1715","post","type-post","status-publish","format-standard","hentry","category-allgemein","","tg-column-two"],"yoast_head":"<!-- This site is optimized with the Yoast SEO plugin v27.4 - https:\/\/yoast.com\/product\/yoast-seo-wordpress\/ -->\n<title>Neuer Durchf\u00fchrungszeitraum f\u00fcr das BJS ab 2025 - BJCKM<\/title>\n<meta name=\"robots\" content=\"index, follow, max-snippet:-1, max-image-preview:large, max-video-preview:-1\" \/>\n<link rel=\"canonical\" href=\"https:\/\/www.bjckm.de\/index.php\/zeitraum-bjs-ab-25\/\" \/>\n<meta property=\"og:locale\" content=\"de_DE\" \/>\n<meta property=\"og:type\" content=\"article\" \/>\n<meta property=\"og:title\" content=\"Neuer Durchf\u00fchrungszeitraum f\u00fcr das BJS ab 2025 - BJCKM\" \/>\n<meta property=\"og:description\" content=\"Das Bundesjugendschreiben bekommt einen neuen Durchf\u00fchrungszeitraum! Ab Sommer 2025 wird der Beginn des Bundesjugendschreibens an den Beginn des Schuljahres angepasst, sodass die Durchf\u00fchrung in beiden Schulhalbjahren erleichtert wird. Damit keine &#8222;Leerzeit&#8220; entsteht, wird das 53.\u00a0Bundesjugendschreiben nach kurzer Sommerpause direkt auf das 52.\u00a0Bundesjugendschreiben folgen.\" \/>\n<meta property=\"og:url\" content=\"https:\/\/www.bjckm.de\/index.php\/zeitraum-bjs-ab-25\/\" \/>\n<meta property=\"og:site_name\" content=\"BJCKM\" \/>\n<meta property=\"article:publisher\" content=\"https:\/\/www.facebook.com\/bjckm\" \/>\n<meta property=\"article:published_time\" content=\"2024-01-09T17:58:18+00:00\" \/>\n<meta name=\"author\" content=\"Roman Hoos\" \/>\n<meta name=\"twitter:card\" content=\"summary_large_image\" \/>\n<meta name=\"twitter:creator\" content=\"@bjckm_steno\" \/>\n<meta name=\"twitter:site\" content=\"@bjckm_steno\" \/>\n<meta name=\"twitter:label1\" content=\"Verfasst von\" \/>\n\t<meta name=\"twitter:data1\" content=\"Roman Hoos\" \/>\n\t<meta name=\"twitter:label2\" content=\"Gesch\u00e4tzte Lesezeit\" \/>\n\t<meta name=\"twitter:data2\" content=\"1\u00a0Minute\" \/>\n<script type=\"application\/ld+json\" class=\"yoast-schema-graph\">{\"@context\":\"https:\\\/\\\/schema.org\",\"@graph\":[{\"@type\":\"Article\",\"@id\":\"https:\\\/\\\/www.bjckm.de\\\/index.php\\\/zeitraum-bjs-ab-25\\\/#article\",\"isPartOf\":{\"@id\":\"https:\\\/\\\/www.bjckm.de\\\/index.php\\\/zeitraum-bjs-ab-25\\\/\"},\"author\":{\"name\":\"Roman Hoos\",\"@id\":\"https:\\\/\\\/www.bjckm.de\\\/#\\\/schema\\\/person\\\/b68002e8544802f1315876d3fa1d060d\"},\"headline\":\"Neuer Durchf\u00fchrungszeitraum f\u00fcr das BJS ab 2025\",\"datePublished\":\"2024-01-09T17:58:18+00:00\",\"mainEntityOfPage\":{\"@id\":\"https:\\\/\\\/www.bjckm.de\\\/index.php\\\/zeitraum-bjs-ab-25\\\/\"},\"wordCount\":93,\"publisher\":{\"@id\":\"https:\\\/\\\/www.bjckm.de\\\/#organization\"},\"inLanguage\":\"de\"},{\"@type\":\"WebPage\",\"@id\":\"https:\\\/\\\/www.bjckm.de\\\/index.php\\\/zeitraum-bjs-ab-25\\\/\",\"url\":\"https:\\\/\\\/www.bjckm.de\\\/index.php\\\/zeitraum-bjs-ab-25\\\/\",\"name\":\"Neuer Durchf\u00fchrungszeitraum f\u00fcr das BJS ab 2025 - BJCKM\",\"isPartOf\":{\"@id\":\"https:\\\/\\\/www.bjckm.de\\\/#website\"},\"datePublished\":\"2024-01-09T17:58:18+00:00\",\"breadcrumb\":{\"@id\":\"https:\\\/\\\/www.bjckm.de\\\/index.php\\\/zeitraum-bjs-ab-25\\\/#breadcrumb\"},\"inLanguage\":\"de\",\"potentialAction\":[{\"@type\":\"ReadAction\",\"target\":[\"https:\\\/\\\/www.bjckm.de\\\/index.php\\\/zeitraum-bjs-ab-25\\\/\"]}]},{\"@type\":\"BreadcrumbList\",\"@id\":\"https:\\\/\\\/www.bjckm.de\\\/index.php\\\/zeitraum-bjs-ab-25\\\/#breadcrumb\",\"itemListElement\":[{\"@type\":\"ListItem\",\"position\":1,\"name\":\"Startseite\",\"item\":\"https:\\\/\\\/www.bjckm.de\\\/\"},{\"@type\":\"ListItem\",\"position\":2,\"name\":\"Neuer Durchf\u00fchrungszeitraum f\u00fcr das BJS ab 2025\"}]},{\"@type\":\"WebSite\",\"@id\":\"https:\\\/\\\/www.bjckm.de\\\/#website\",\"url\":\"https:\\\/\\\/www.bjckm.de\\\/\",\"name\":\"BJCKM\",\"description\":\"Bundesjugend f\u00fcr Computer, Kurzschrift und Medien\",\"publisher\":{\"@id\":\"https:\\\/\\\/www.bjckm.de\\\/#organization\"},\"potentialAction\":[{\"@type\":\"SearchAction\",\"target\":{\"@type\":\"EntryPoint\",\"urlTemplate\":\"https:\\\/\\\/www.bjckm.de\\\/?s={search_term_string}\"},\"query-input\":{\"@type\":\"PropertyValueSpecification\",\"valueRequired\":true,\"valueName\":\"search_term_string\"}}],\"inLanguage\":\"de\"},{\"@type\":\"Organization\",\"@id\":\"https:\\\/\\\/www.bjckm.de\\\/#organization\",\"name\":\"Bundesjugend f\u00fcr Computer, Kurzschrift und Medien\",\"url\":\"https:\\\/\\\/www.bjckm.de\\\/\",\"logo\":{\"@type\":\"ImageObject\",\"inLanguage\":\"de\",\"@id\":\"https:\\\/\\\/www.bjckm.de\\\/#\\\/schema\\\/logo\\\/image\\\/\",\"url\":\"https:\\\/\\\/www.bjckm.de\\\/wp-content\\\/uploads\\\/2019\\\/10\\\/cropped-logo_bjckm_farbe_text_12000x3375-e1571842379885.png\",\"contentUrl\":\"https:\\\/\\\/www.bjckm.de\\\/wp-content\\\/uploads\\\/2019\\\/10\\\/cropped-logo_bjckm_farbe_text_12000x3375-e1571842379885.png\",\"width\":583,\"height\":115,\"caption\":\"Bundesjugend f\u00fcr Computer, Kurzschrift und Medien\"},\"image\":{\"@id\":\"https:\\\/\\\/www.bjckm.de\\\/#\\\/schema\\\/logo\\\/image\\\/\"},\"sameAs\":[\"https:\\\/\\\/www.facebook.com\\\/bjckm\",\"https:\\\/\\\/x.com\\\/bjckm_steno\",\"https:\\\/\\\/www.instagram.com\\\/bjckm19\"]},{\"@type\":\"Person\",\"@id\":\"https:\\\/\\\/www.bjckm.de\\\/#\\\/schema\\\/person\\\/b68002e8544802f1315876d3fa1d060d\",\"name\":\"Roman Hoos\",\"image\":{\"@type\":\"ImageObject\",\"inLanguage\":\"de\",\"@id\":\"https:\\\/\\\/secure.gravatar.com\\\/avatar\\\/75ad1c3a9d25ea176b8b64a87458efe6db5a831a9b5816bfede5a151bb2cdbdc?s=96&d=mm&r=g\",\"url\":\"https:\\\/\\\/secure.gravatar.com\\\/avatar\\\/75ad1c3a9d25ea176b8b64a87458efe6db5a831a9b5816bfede5a151bb2cdbdc?s=96&d=mm&r=g\",\"contentUrl\":\"https:\\\/\\\/secure.gravatar.com\\\/avatar\\\/75ad1c3a9d25ea176b8b64a87458efe6db5a831a9b5816bfede5a151bb2cdbdc?s=96&d=mm&r=g\",\"caption\":\"Roman Hoos\"},\"url\":\"https:\\\/\\\/www.bjckm.de\\\/index.php\\\/author\\\/roman\\\/\"}]}<\/script>\n<!-- \/ Yoast SEO plugin. -->","yoast_head_json":{"title":"Neuer Durchf\u00fchrungszeitraum f\u00fcr das BJS ab 2025 - BJCKM","robots":{"index":"index","follow":"follow","max-snippet":"max-snippet:-1","max-image-preview":"max-image-preview:large","max-video-preview":"max-video-preview:-1"},"canonical":"https:\/\/www.bjckm.de\/index.php\/zeitraum-bjs-ab-25\/","og_locale":"de_DE","og_type":"article","og_title":"Neuer Durchf\u00fchrungszeitraum f\u00fcr das BJS ab 2025 - BJCKM","og_description":"Das Bundesjugendschreiben bekommt einen neuen Durchf\u00fchrungszeitraum! Ab Sommer 2025 wird der Beginn des Bundesjugendschreibens an den Beginn des Schuljahres angepasst, sodass die Durchf\u00fchrung in beiden Schulhalbjahren erleichtert wird. Damit keine &#8222;Leerzeit&#8220; entsteht, wird das 53.\u00a0Bundesjugendschreiben nach kurzer Sommerpause direkt auf das 52.\u00a0Bundesjugendschreiben folgen.","og_url":"https:\/\/www.bjckm.de\/index.php\/zeitraum-bjs-ab-25\/","og_site_name":"BJCKM","article_publisher":"https:\/\/www.facebook.com\/bjckm","article_published_time":"2024-01-09T17:58:18+00:00","author":"Roman Hoos","twitter_card":"summary_large_image","twitter_creator":"@bjckm_steno","twitter_site":"@bjckm_steno","twitter_misc":{"Verfasst von":"Roman Hoos","Gesch\u00e4tzte Lesezeit":"1\u00a0Minute"},"schema":{"@context":"https:\/\/schema.org","@graph":[{"@type":"Article","@id":"https:\/\/www.bjckm.de\/index.php\/zeitraum-bjs-ab-25\/#article","isPartOf":{"@id":"https:\/\/www.bjckm.de\/index.php\/zeitraum-bjs-ab-25\/"},"author":{"name":"Roman Hoos","@id":"https:\/\/www.bjckm.de\/#\/schema\/person\/b68002e8544802f1315876d3fa1d060d"},"headline":"Neuer Durchf\u00fchrungszeitraum f\u00fcr das BJS ab 2025","datePublished":"2024-01-09T17:58:18+00:00","mainEntityOfPage":{"@id":"https:\/\/www.bjckm.de\/index.php\/zeitraum-bjs-ab-25\/"},"wordCount":93,"publisher":{"@id":"https:\/\/www.bjckm.de\/#organization"},"inLanguage":"de"},{"@type":"WebPage","@id":"https:\/\/www.bjckm.de\/index.php\/zeitraum-bjs-ab-25\/","url":"https:\/\/www.bjckm.de\/index.php\/zeitraum-bjs-ab-25\/","name":"Neuer Durchf\u00fchrungszeitraum f\u00fcr das BJS ab 2025 - BJCKM","isPartOf":{"@id":"https:\/\/www.bjckm.de\/#website"},"datePublished":"2024-01-09T17:58:18+00:00","breadcrumb":{"@id":"https:\/\/www.bjckm.de\/index.php\/zeitraum-bjs-ab-25\/#breadcrumb"},"inLanguage":"de","potentialAction":[{"@type":"ReadAction","target":["https:\/\/www.bjckm.de\/index.php\/zeitraum-bjs-ab-25\/"]}]},{"@type":"BreadcrumbList","@id":"https:\/\/www.bjckm.de\/index.php\/zeitraum-bjs-ab-25\/#breadcrumb","itemListElement":[{"@type":"ListItem","position":1,"name":"Startseite","item":"https:\/\/www.bjckm.de\/"},{"@type":"ListItem","position":2,"name":"Neuer Durchf\u00fchrungszeitraum f\u00fcr das BJS ab 2025"}]},{"@type":"WebSite","@id":"https:\/\/www.bjckm.de\/#website","url":"https:\/\/www.bjckm.de\/","name":"BJCKM","description":"Bundesjugend f\u00fcr Computer, Kurzschrift und Medien","publisher":{"@id":"https:\/\/www.bjckm.de\/#organization"},"potentialAction":[{"@type":"SearchAction","target":{"@type":"EntryPoint","urlTemplate":"https:\/\/www.bjckm.de\/?s={search_term_string}"},"query-input":{"@type":"PropertyValueSpecification","valueRequired":true,"valueName":"search_term_string"}}],"inLanguage":"de"},{"@type":"Organization","@id":"https:\/\/www.bjckm.de\/#organization","name":"Bundesjugend f\u00fcr Computer, Kurzschrift und Medien","url":"https:\/\/www.bjckm.de\/","logo":{"@type":"ImageObject","inLanguage":"de","@id":"https:\/\/www.bjckm.de\/#\/schema\/logo\/image\/","url":"https:\/\/www.bjckm.de\/wp-content\/uploads\/2019\/10\/cropped-logo_bjckm_farbe_text_12000x3375-e1571842379885.png","contentUrl":"https:\/\/www.bjckm.de\/wp-content\/uploads\/2019\/10\/cropped-logo_bjckm_farbe_text_12000x3375-e1571842379885.png","width":583,"height":115,"caption":"Bundesjugend f\u00fcr Computer, Kurzschrift und Medien"},"image":{"@id":"https:\/\/www.bjckm.de\/#\/schema\/logo\/image\/"},"sameAs":["https:\/\/www.facebook.com\/bjckm","https:\/\/x.com\/bjckm_steno","https:\/\/www.instagram.com\/bjckm19"]},{"@type":"Person","@id":"https:\/\/www.bjckm.de\/#\/schema\/person\/b68002e8544802f1315876d3fa1d060d","name":"Roman Hoos","image":{"@type":"ImageObject","inLanguage":"de","@id":"https:\/\/secure.gravatar.com\/avatar\/75ad1c3a9d25ea176b8b64a87458efe6db5a831a9b5816bfede5a151bb2cdbdc?s=96&d=mm&r=g","url":"https:\/\/secure.gravatar.com\/avatar\/75ad1c3a9d25ea176b8b64a87458efe6db5a831a9b5816bfede5a151bb2cdbdc?s=96&d=mm&r=g","contentUrl":"https:\/\/secure.gravatar.com\/avatar\/75ad1c3a9d25ea176b8b64a87458efe6db5a831a9b5816bfede5a151bb2cdbdc?s=96&d=mm&r=g","caption":"Roman Hoos"},"url":"https:\/\/www.bjckm.de\/index.php\/author\/roman\/"}]}},"_links":{"self":[{"href":"https:\/\/www.bjckm.de\/index.php\/wp-json\/wp\/v2\/posts\/1715","targetHints":{"allow":["GET"]}}],"collection":[{"href":"https:\/\/www.bjckm.de\/index.php\/wp-json\/wp\/v2\/posts"}],"about":[{"href":"https:\/\/www.bjckm.de\/index.php\/wp-json\/wp\/v2\/types\/post"}],"author":[{"embeddable":true,"href":"https:\/\/www.bjckm.de\/index.php\/wp-json\/wp\/v2\/users\/2"}],"replies":[{"embeddable":true,"href":"https:\/\/www.bjckm.de\/index.php\/wp-json\/wp\/v2\/comments?post=1715"}],"version-history":[{"count":11,"href":"https:\/\/www.bjckm.de\/index.php\/wp-json\/wp\/v2\/posts\/1715\/revisions"}],"predecessor-version":[{"id":1726,"href":"https:\/\/www.bjckm.de\/index.php\/wp-json\/wp\/v2\/posts\/1715\/revisions\/1726"}],"wp:attachment":[{"href":"https:\/\/www.bjckm.de\/index.php\/wp-json\/wp\/v2\/media?parent=1715"}],"wp:term":[{"taxonomy":"category","embeddable":true,"href":"https:\/\/www.bjckm.de\/index.php\/wp-json\/wp\/v2\/categories?post=1715"},{"taxonomy":"post_tag","embeddable":true,"href":"https:\/\/www.bjckm.de\/index.php\/wp-json\/wp\/v2\/tags?post=1715"}],"curies":[{"name":"wp","href":"https:\/\/api.w.org\/{rel}","templated":true}]}}