{"id":2342,"date":"2025-11-15T09:24:23","date_gmt":"2025-11-15T08:24:23","guid":{"rendered":"https:\/\/www.bjckm.de\/?p=2342"},"modified":"2025-12-13T09:32:24","modified_gmt":"2025-12-13T08:32:24","slug":"1-bundeskombinationsschreiben-2025-in-dortmund","status":"publish","type":"post","link":"https:\/\/www.bjckm.de\/index.php\/1-bundeskombinationsschreiben-2025-in-dortmund\/","title":{"rendered":"1. Bundeskombinationsschreiben 2025 in Dortmund"},"content":{"rendered":"\n<p>Am 8. November 2025 fand erstmals das Bundeskombinationsschreiben in Dortmund statt. <br>Ziel des Bundes war es, einen neuen zeitgem\u00e4\u00dfen Wettbewerb auf Verbandsebene zu schaffen. In die Wertung flie\u00dfen die 5 besten aus den 6 Disziplinen ein: \u2060Texterfassung, Textbearbeitung, Professionelle Textverarbeitung, Excel, \u2060Audio Transcription und Kurzschrift <\/p>\n\n\n\n<p>Zur F\u00f6rderung des Nachwuchses durfte auch die Bundesjugend Mannschaften stellen. Diese erreichten den 4. und 7. Platz. In den einzelnen Computerdisziplinen konnten unsere Schreiber mindestens einmal unter die besten 5 Ergebnisse kommen.<\/p>\n\n\n\n<figure class=\"wp-block-image size-full\"><img loading=\"lazy\" decoding=\"async\" width=\"1024\" height=\"768\" src=\"https:\/\/www.bjckm.de\/wp-content\/uploads\/2025\/12\/WhatsApp-Image-2025-12-01-at-17.23.35.jpeg\" alt=\"\" class=\"wp-image-2343\" srcset=\"https:\/\/www.bjckm.de\/wp-content\/uploads\/2025\/12\/WhatsApp-Image-2025-12-01-at-17.23.35.jpeg 1024w, https:\/\/www.bjckm.de\/wp-content\/uploads\/2025\/12\/WhatsApp-Image-2025-12-01-at-17.23.35-300x225.jpeg 300w, https:\/\/www.bjckm.de\/wp-content\/uploads\/2025\/12\/WhatsApp-Image-2025-12-01-at-17.23.35-768x576.jpeg 768w\" sizes=\"auto, (max-width: 1024px) 100vw, 1024px\" \/><\/figure>\n","protected":false},"excerpt":{"rendered":"<p>Am 8. November 2025 fand erstmals das Bundeskombinationsschreiben in Dortmund statt. Ziel des Bundes war es, einen neuen zeitgem\u00e4\u00dfen Wettbewerb auf Verbandsebene zu schaffen. In die Wertung flie\u00dfen die 5 besten aus den 6 Disziplinen ein: \u2060Texterfassung, Textbearbeitung, Professionelle Textverarbeitung, Excel, \u2060Audio Transcription und Kurzschrift Zur F\u00f6rderung des Nachwuchses durfte auch die Bundesjugend Mannschaften stellen. Diese erreichten den 4. und<\/p>\n","protected":false},"author":8,"featured_media":0,"comment_status":"closed","ping_status":"closed","sticky":false,"template":"","format":"standard","meta":{"footnotes":""},"categories":[1],"tags":[31],"class_list":["post-2342","post","type-post","status-publish","format-standard","hentry","category-allgemein","tag-wettbewerb","","tg-column-two"],"yoast_head":"<!-- This site is optimized with the Yoast SEO plugin v27.4 - https:\/\/yoast.com\/product\/yoast-seo-wordpress\/ -->\n<title>1. Bundeskombinationsschreiben 2025 in Dortmund - BJCKM<\/title>\n<meta name=\"robots\" content=\"index, follow, max-snippet:-1, max-image-preview:large, max-video-preview:-1\" \/>\n<link rel=\"canonical\" href=\"https:\/\/www.bjckm.de\/index.php\/1-bundeskombinationsschreiben-2025-in-dortmund\/\" \/>\n<meta property=\"og:locale\" content=\"de_DE\" \/>\n<meta property=\"og:type\" content=\"article\" \/>\n<meta property=\"og:title\" content=\"1. Bundeskombinationsschreiben 2025 in Dortmund - BJCKM\" \/>\n<meta property=\"og:description\" content=\"Am 8. November 2025 fand erstmals das Bundeskombinationsschreiben in Dortmund statt. Ziel des Bundes war es, einen neuen zeitgem\u00e4\u00dfen Wettbewerb auf Verbandsebene zu schaffen. In die Wertung flie\u00dfen die 5 besten aus den 6 Disziplinen ein: \u2060Texterfassung, Textbearbeitung, Professionelle Textverarbeitung, Excel, \u2060Audio Transcription und Kurzschrift Zur F\u00f6rderung des Nachwuchses durfte auch die Bundesjugend Mannschaften stellen. Diese erreichten den 4. und\" \/>\n<meta property=\"og:url\" content=\"https:\/\/www.bjckm.de\/index.php\/1-bundeskombinationsschreiben-2025-in-dortmund\/\" \/>\n<meta property=\"og:site_name\" content=\"BJCKM\" \/>\n<meta property=\"article:publisher\" content=\"https:\/\/www.facebook.com\/bjckm\" \/>\n<meta property=\"article:published_time\" content=\"2025-11-15T08:24:23+00:00\" \/>\n<meta property=\"article:modified_time\" content=\"2025-12-13T08:32:24+00:00\" \/>\n<meta property=\"og:image\" content=\"https:\/\/www.bjckm.de\/wp-content\/uploads\/2025\/12\/WhatsApp-Image-2025-12-01-at-17.23.35.jpeg\" \/>\n\t<meta property=\"og:image:width\" content=\"1024\" \/>\n\t<meta property=\"og:image:height\" content=\"768\" \/>\n\t<meta property=\"og:image:type\" content=\"image\/jpeg\" \/>\n<meta name=\"author\" content=\"Frank Sylla\" \/>\n<meta name=\"twitter:card\" content=\"summary_large_image\" \/>\n<meta name=\"twitter:creator\" content=\"@bjckm_steno\" \/>\n<meta name=\"twitter:site\" content=\"@bjckm_steno\" \/>\n<meta name=\"twitter:label1\" content=\"Verfasst von\" \/>\n\t<meta name=\"twitter:data1\" content=\"Frank Sylla\" \/>\n\t<meta name=\"twitter:label2\" content=\"Gesch\u00e4tzte Lesezeit\" \/>\n\t<meta name=\"twitter:data2\" content=\"1\u00a0Minute\" \/>\n<script type=\"application\/ld+json\" class=\"yoast-schema-graph\">{\"@context\":\"https:\\\/\\\/schema.org\",\"@graph\":[{\"@type\":\"Article\",\"@id\":\"https:\\\/\\\/www.bjckm.de\\\/index.php\\\/1-bundeskombinationsschreiben-2025-in-dortmund\\\/#article\",\"isPartOf\":{\"@id\":\"https:\\\/\\\/www.bjckm.de\\\/index.php\\\/1-bundeskombinationsschreiben-2025-in-dortmund\\\/\"},\"author\":{\"name\":\"Frank Sylla\",\"@id\":\"https:\\\/\\\/www.bjckm.de\\\/#\\\/schema\\\/person\\\/c59369de2a6a44214606d42ca2f87e72\"},\"headline\":\"1. Bundeskombinationsschreiben 2025 in Dortmund\",\"datePublished\":\"2025-11-15T08:24:23+00:00\",\"dateModified\":\"2025-12-13T08:32:24+00:00\",\"mainEntityOfPage\":{\"@id\":\"https:\\\/\\\/www.bjckm.de\\\/index.php\\\/1-bundeskombinationsschreiben-2025-in-dortmund\\\/\"},\"wordCount\":76,\"publisher\":{\"@id\":\"https:\\\/\\\/www.bjckm.de\\\/#organization\"},\"image\":{\"@id\":\"https:\\\/\\\/www.bjckm.de\\\/index.php\\\/1-bundeskombinationsschreiben-2025-in-dortmund\\\/#primaryimage\"},\"thumbnailUrl\":\"https:\\\/\\\/www.bjckm.de\\\/wp-content\\\/uploads\\\/2025\\\/12\\\/WhatsApp-Image-2025-12-01-at-17.23.35.jpeg\",\"keywords\":[\"Wettbewerb\"],\"inLanguage\":\"de\"},{\"@type\":\"WebPage\",\"@id\":\"https:\\\/\\\/www.bjckm.de\\\/index.php\\\/1-bundeskombinationsschreiben-2025-in-dortmund\\\/\",\"url\":\"https:\\\/\\\/www.bjckm.de\\\/index.php\\\/1-bundeskombinationsschreiben-2025-in-dortmund\\\/\",\"name\":\"1. Bundeskombinationsschreiben 2025 in Dortmund - BJCKM\",\"isPartOf\":{\"@id\":\"https:\\\/\\\/www.bjckm.de\\\/#website\"},\"primaryImageOfPage\":{\"@id\":\"https:\\\/\\\/www.bjckm.de\\\/index.php\\\/1-bundeskombinationsschreiben-2025-in-dortmund\\\/#primaryimage\"},\"image\":{\"@id\":\"https:\\\/\\\/www.bjckm.de\\\/index.php\\\/1-bundeskombinationsschreiben-2025-in-dortmund\\\/#primaryimage\"},\"thumbnailUrl\":\"https:\\\/\\\/www.bjckm.de\\\/wp-content\\\/uploads\\\/2025\\\/12\\\/WhatsApp-Image-2025-12-01-at-17.23.35.jpeg\",\"datePublished\":\"2025-11-15T08:24:23+00:00\",\"dateModified\":\"2025-12-13T08:32:24+00:00\",\"breadcrumb\":{\"@id\":\"https:\\\/\\\/www.bjckm.de\\\/index.php\\\/1-bundeskombinationsschreiben-2025-in-dortmund\\\/#breadcrumb\"},\"inLanguage\":\"de\",\"potentialAction\":[{\"@type\":\"ReadAction\",\"target\":[\"https:\\\/\\\/www.bjckm.de\\\/index.php\\\/1-bundeskombinationsschreiben-2025-in-dortmund\\\/\"]}]},{\"@type\":\"ImageObject\",\"inLanguage\":\"de\",\"@id\":\"https:\\\/\\\/www.bjckm.de\\\/index.php\\\/1-bundeskombinationsschreiben-2025-in-dortmund\\\/#primaryimage\",\"url\":\"https:\\\/\\\/www.bjckm.de\\\/wp-content\\\/uploads\\\/2025\\\/12\\\/WhatsApp-Image-2025-12-01-at-17.23.35.jpeg\",\"contentUrl\":\"https:\\\/\\\/www.bjckm.de\\\/wp-content\\\/uploads\\\/2025\\\/12\\\/WhatsApp-Image-2025-12-01-at-17.23.35.jpeg\",\"width\":1024,\"height\":768},{\"@type\":\"BreadcrumbList\",\"@id\":\"https:\\\/\\\/www.bjckm.de\\\/index.php\\\/1-bundeskombinationsschreiben-2025-in-dortmund\\\/#breadcrumb\",\"itemListElement\":[{\"@type\":\"ListItem\",\"position\":1,\"name\":\"Startseite\",\"item\":\"https:\\\/\\\/www.bjckm.de\\\/\"},{\"@type\":\"ListItem\",\"position\":2,\"name\":\"1. Bundeskombinationsschreiben 2025 in Dortmund\"}]},{\"@type\":\"WebSite\",\"@id\":\"https:\\\/\\\/www.bjckm.de\\\/#website\",\"url\":\"https:\\\/\\\/www.bjckm.de\\\/\",\"name\":\"BJCKM\",\"description\":\"Bundesjugend f\u00fcr Computer, Kurzschrift und Medien\",\"publisher\":{\"@id\":\"https:\\\/\\\/www.bjckm.de\\\/#organization\"},\"potentialAction\":[{\"@type\":\"SearchAction\",\"target\":{\"@type\":\"EntryPoint\",\"urlTemplate\":\"https:\\\/\\\/www.bjckm.de\\\/?s={search_term_string}\"},\"query-input\":{\"@type\":\"PropertyValueSpecification\",\"valueRequired\":true,\"valueName\":\"search_term_string\"}}],\"inLanguage\":\"de\"},{\"@type\":\"Organization\",\"@id\":\"https:\\\/\\\/www.bjckm.de\\\/#organization\",\"name\":\"Bundesjugend f\u00fcr Computer, Kurzschrift und Medien\",\"url\":\"https:\\\/\\\/www.bjckm.de\\\/\",\"logo\":{\"@type\":\"ImageObject\",\"inLanguage\":\"de\",\"@id\":\"https:\\\/\\\/www.bjckm.de\\\/#\\\/schema\\\/logo\\\/image\\\/\",\"url\":\"https:\\\/\\\/www.bjckm.de\\\/wp-content\\\/uploads\\\/2019\\\/10\\\/cropped-logo_bjckm_farbe_text_12000x3375-e1571842379885.png\",\"contentUrl\":\"https:\\\/\\\/www.bjckm.de\\\/wp-content\\\/uploads\\\/2019\\\/10\\\/cropped-logo_bjckm_farbe_text_12000x3375-e1571842379885.png\",\"width\":583,\"height\":115,\"caption\":\"Bundesjugend f\u00fcr Computer, Kurzschrift und Medien\"},\"image\":{\"@id\":\"https:\\\/\\\/www.bjckm.de\\\/#\\\/schema\\\/logo\\\/image\\\/\"},\"sameAs\":[\"https:\\\/\\\/www.facebook.com\\\/bjckm\",\"https:\\\/\\\/x.com\\\/bjckm_steno\",\"https:\\\/\\\/www.instagram.com\\\/bjckm19\"]},{\"@type\":\"Person\",\"@id\":\"https:\\\/\\\/www.bjckm.de\\\/#\\\/schema\\\/person\\\/c59369de2a6a44214606d42ca2f87e72\",\"name\":\"Frank Sylla\",\"image\":{\"@type\":\"ImageObject\",\"inLanguage\":\"de\",\"@id\":\"https:\\\/\\\/secure.gravatar.com\\\/avatar\\\/c31f59874609aeb652407e46699844d2a6e5c35fae8670fd380176c0a193e33e?s=96&d=mm&r=g\",\"url\":\"https:\\\/\\\/secure.gravatar.com\\\/avatar\\\/c31f59874609aeb652407e46699844d2a6e5c35fae8670fd380176c0a193e33e?s=96&d=mm&r=g\",\"contentUrl\":\"https:\\\/\\\/secure.gravatar.com\\\/avatar\\\/c31f59874609aeb652407e46699844d2a6e5c35fae8670fd380176c0a193e33e?s=96&d=mm&r=g\",\"caption\":\"Frank Sylla\"},\"url\":\"https:\\\/\\\/www.bjckm.de\\\/index.php\\\/author\\\/frank\\\/\"}]}<\/script>\n<!-- \/ Yoast SEO plugin. -->","yoast_head_json":{"title":"1. Bundeskombinationsschreiben 2025 in Dortmund - BJCKM","robots":{"index":"index","follow":"follow","max-snippet":"max-snippet:-1","max-image-preview":"max-image-preview:large","max-video-preview":"max-video-preview:-1"},"canonical":"https:\/\/www.bjckm.de\/index.php\/1-bundeskombinationsschreiben-2025-in-dortmund\/","og_locale":"de_DE","og_type":"article","og_title":"1. Bundeskombinationsschreiben 2025 in Dortmund - BJCKM","og_description":"Am 8. November 2025 fand erstmals das Bundeskombinationsschreiben in Dortmund statt. Ziel des Bundes war es, einen neuen zeitgem\u00e4\u00dfen Wettbewerb auf Verbandsebene zu schaffen. In die Wertung flie\u00dfen die 5 besten aus den 6 Disziplinen ein: \u2060Texterfassung, Textbearbeitung, Professionelle Textverarbeitung, Excel, \u2060Audio Transcription und Kurzschrift Zur F\u00f6rderung des Nachwuchses durfte auch die Bundesjugend Mannschaften stellen. Diese erreichten den 4. und","og_url":"https:\/\/www.bjckm.de\/index.php\/1-bundeskombinationsschreiben-2025-in-dortmund\/","og_site_name":"BJCKM","article_publisher":"https:\/\/www.facebook.com\/bjckm","article_published_time":"2025-11-15T08:24:23+00:00","article_modified_time":"2025-12-13T08:32:24+00:00","og_image":[{"width":1024,"height":768,"url":"https:\/\/www.bjckm.de\/wp-content\/uploads\/2025\/12\/WhatsApp-Image-2025-12-01-at-17.23.35.jpeg","type":"image\/jpeg"}],"author":"Frank Sylla","twitter_card":"summary_large_image","twitter_creator":"@bjckm_steno","twitter_site":"@bjckm_steno","twitter_misc":{"Verfasst von":"Frank Sylla","Gesch\u00e4tzte Lesezeit":"1\u00a0Minute"},"schema":{"@context":"https:\/\/schema.org","@graph":[{"@type":"Article","@id":"https:\/\/www.bjckm.de\/index.php\/1-bundeskombinationsschreiben-2025-in-dortmund\/#article","isPartOf":{"@id":"https:\/\/www.bjckm.de\/index.php\/1-bundeskombinationsschreiben-2025-in-dortmund\/"},"author":{"name":"Frank Sylla","@id":"https:\/\/www.bjckm.de\/#\/schema\/person\/c59369de2a6a44214606d42ca2f87e72"},"headline":"1. Bundeskombinationsschreiben 2025 in Dortmund","datePublished":"2025-11-15T08:24:23+00:00","dateModified":"2025-12-13T08:32:24+00:00","mainEntityOfPage":{"@id":"https:\/\/www.bjckm.de\/index.php\/1-bundeskombinationsschreiben-2025-in-dortmund\/"},"wordCount":76,"publisher":{"@id":"https:\/\/www.bjckm.de\/#organization"},"image":{"@id":"https:\/\/www.bjckm.de\/index.php\/1-bundeskombinationsschreiben-2025-in-dortmund\/#primaryimage"},"thumbnailUrl":"https:\/\/www.bjckm.de\/wp-content\/uploads\/2025\/12\/WhatsApp-Image-2025-12-01-at-17.23.35.jpeg","keywords":["Wettbewerb"],"inLanguage":"de"},{"@type":"WebPage","@id":"https:\/\/www.bjckm.de\/index.php\/1-bundeskombinationsschreiben-2025-in-dortmund\/","url":"https:\/\/www.bjckm.de\/index.php\/1-bundeskombinationsschreiben-2025-in-dortmund\/","name":"1. Bundeskombinationsschreiben 2025 in Dortmund - BJCKM","isPartOf":{"@id":"https:\/\/www.bjckm.de\/#website"},"primaryImageOfPage":{"@id":"https:\/\/www.bjckm.de\/index.php\/1-bundeskombinationsschreiben-2025-in-dortmund\/#primaryimage"},"image":{"@id":"https:\/\/www.bjckm.de\/index.php\/1-bundeskombinationsschreiben-2025-in-dortmund\/#primaryimage"},"thumbnailUrl":"https:\/\/www.bjckm.de\/wp-content\/uploads\/2025\/12\/WhatsApp-Image-2025-12-01-at-17.23.35.jpeg","datePublished":"2025-11-15T08:24:23+00:00","dateModified":"2025-12-13T08:32:24+00:00","breadcrumb":{"@id":"https:\/\/www.bjckm.de\/index.php\/1-bundeskombinationsschreiben-2025-in-dortmund\/#breadcrumb"},"inLanguage":"de","potentialAction":[{"@type":"ReadAction","target":["https:\/\/www.bjckm.de\/index.php\/1-bundeskombinationsschreiben-2025-in-dortmund\/"]}]},{"@type":"ImageObject","inLanguage":"de","@id":"https:\/\/www.bjckm.de\/index.php\/1-bundeskombinationsschreiben-2025-in-dortmund\/#primaryimage","url":"https:\/\/www.bjckm.de\/wp-content\/uploads\/2025\/12\/WhatsApp-Image-2025-12-01-at-17.23.35.jpeg","contentUrl":"https:\/\/www.bjckm.de\/wp-content\/uploads\/2025\/12\/WhatsApp-Image-2025-12-01-at-17.23.35.jpeg","width":1024,"height":768},{"@type":"BreadcrumbList","@id":"https:\/\/www.bjckm.de\/index.php\/1-bundeskombinationsschreiben-2025-in-dortmund\/#breadcrumb","itemListElement":[{"@type":"ListItem","position":1,"name":"Startseite","item":"https:\/\/www.bjckm.de\/"},{"@type":"ListItem","position":2,"name":"1. Bundeskombinationsschreiben 2025 in Dortmund"}]},{"@type":"WebSite","@id":"https:\/\/www.bjckm.de\/#website","url":"https:\/\/www.bjckm.de\/","name":"BJCKM","description":"Bundesjugend f\u00fcr Computer, Kurzschrift und Medien","publisher":{"@id":"https:\/\/www.bjckm.de\/#organization"},"potentialAction":[{"@type":"SearchAction","target":{"@type":"EntryPoint","urlTemplate":"https:\/\/www.bjckm.de\/?s={search_term_string}"},"query-input":{"@type":"PropertyValueSpecification","valueRequired":true,"valueName":"search_term_string"}}],"inLanguage":"de"},{"@type":"Organization","@id":"https:\/\/www.bjckm.de\/#organization","name":"Bundesjugend f\u00fcr Computer, Kurzschrift und Medien","url":"https:\/\/www.bjckm.de\/","logo":{"@type":"ImageObject","inLanguage":"de","@id":"https:\/\/www.bjckm.de\/#\/schema\/logo\/image\/","url":"https:\/\/www.bjckm.de\/wp-content\/uploads\/2019\/10\/cropped-logo_bjckm_farbe_text_12000x3375-e1571842379885.png","contentUrl":"https:\/\/www.bjckm.de\/wp-content\/uploads\/2019\/10\/cropped-logo_bjckm_farbe_text_12000x3375-e1571842379885.png","width":583,"height":115,"caption":"Bundesjugend f\u00fcr Computer, Kurzschrift und Medien"},"image":{"@id":"https:\/\/www.bjckm.de\/#\/schema\/logo\/image\/"},"sameAs":["https:\/\/www.facebook.com\/bjckm","https:\/\/x.com\/bjckm_steno","https:\/\/www.instagram.com\/bjckm19"]},{"@type":"Person","@id":"https:\/\/www.bjckm.de\/#\/schema\/person\/c59369de2a6a44214606d42ca2f87e72","name":"Frank Sylla","image":{"@type":"ImageObject","inLanguage":"de","@id":"https:\/\/secure.gravatar.com\/avatar\/c31f59874609aeb652407e46699844d2a6e5c35fae8670fd380176c0a193e33e?s=96&d=mm&r=g","url":"https:\/\/secure.gravatar.com\/avatar\/c31f59874609aeb652407e46699844d2a6e5c35fae8670fd380176c0a193e33e?s=96&d=mm&r=g","contentUrl":"https:\/\/secure.gravatar.com\/avatar\/c31f59874609aeb652407e46699844d2a6e5c35fae8670fd380176c0a193e33e?s=96&d=mm&r=g","caption":"Frank Sylla"},"url":"https:\/\/www.bjckm.de\/index.php\/author\/frank\/"}]}},"_links":{"self":[{"href":"https:\/\/www.bjckm.de\/index.php\/wp-json\/wp\/v2\/posts\/2342","targetHints":{"allow":["GET"]}}],"collection":[{"href":"https:\/\/www.bjckm.de\/index.php\/wp-json\/wp\/v2\/posts"}],"about":[{"href":"https:\/\/www.bjckm.de\/index.php\/wp-json\/wp\/v2\/types\/post"}],"author":[{"embeddable":true,"href":"https:\/\/www.bjckm.de\/index.php\/wp-json\/wp\/v2\/users\/8"}],"replies":[{"embeddable":true,"href":"https:\/\/www.bjckm.de\/index.php\/wp-json\/wp\/v2\/comments?post=2342"}],"version-history":[{"count":2,"href":"https:\/\/www.bjckm.de\/index.php\/wp-json\/wp\/v2\/posts\/2342\/revisions"}],"predecessor-version":[{"id":2346,"href":"https:\/\/www.bjckm.de\/index.php\/wp-json\/wp\/v2\/posts\/2342\/revisions\/2346"}],"wp:attachment":[{"href":"https:\/\/www.bjckm.de\/index.php\/wp-json\/wp\/v2\/media?parent=2342"}],"wp:term":[{"taxonomy":"category","embeddable":true,"href":"https:\/\/www.bjckm.de\/index.php\/wp-json\/wp\/v2\/categories?post=2342"},{"taxonomy":"post_tag","embeddable":true,"href":"https:\/\/www.bjckm.de\/index.php\/wp-json\/wp\/v2\/tags?post=2342"}],"curies":[{"name":"wp","href":"https:\/\/api.w.org\/{rel}","templated":true}]}}