{"id":256,"date":"2019-10-21T10:40:34","date_gmt":"2019-10-21T08:40:34","guid":{"rendered":"http:\/\/www.schuelerleistungsschreiben.de\/?p=256"},"modified":"2019-10-21T10:48:43","modified_gmt":"2019-10-21T08:48:43","slug":"herbsttreffen2019","status":"publish","type":"post","link":"https:\/\/www.bjckm.de\/index.php\/herbsttreffen2019\/","title":{"rendered":"Herbsttreffen 2019 in Waldbr\u00f6l"},"content":{"rendered":"<figure id=\"attachment_234\" aria-describedby=\"caption-attachment-234\" style=\"width: 720px\" class=\"wp-caption aligncenter\"><img loading=\"lazy\" decoding=\"async\" class=\"wp-image-234 size-large\" src=\"http:\/\/www.schuelerleistungsschreiben.de\/wp-content\/uploads\/2019\/10\/2019_BJCKM_Herbsttreffen_Gruppenfoto-1024x603.jpg\" alt=\"Gruppenfoto Teilnehmer Herbsttreffen\" width=\"720\" height=\"424\" srcset=\"https:\/\/www.bjckm.de\/wp-content\/uploads\/2019\/10\/2019_BJCKM_Herbsttreffen_Gruppenfoto-1024x603.jpg 1024w, https:\/\/www.bjckm.de\/wp-content\/uploads\/2019\/10\/2019_BJCKM_Herbsttreffen_Gruppenfoto-300x177.jpg 300w, https:\/\/www.bjckm.de\/wp-content\/uploads\/2019\/10\/2019_BJCKM_Herbsttreffen_Gruppenfoto-768x452.jpg 768w\" sizes=\"auto, (max-width: 720px) 100vw, 720px\" \/><figcaption id=\"caption-attachment-234\" class=\"wp-caption-text\">Die Teilnehmer des Herbsttreffens 2019 in Waldbr\u00f6l<\/figcaption><\/figure>\n<p>Am vergangenen Wochenende trafen sich Jugendvertreter zum j\u00e4hrlichen Herbsttreffen in der sch\u00f6nen Jugendherberge Panarbora in Waldbr\u00f6l. Die Themen des diesj\u00e4hrigen Herbsttreffens waren unter anderem die Neugestaltung der Homepage der BJCKM in einem zeitgem\u00e4\u00dfen Layout, die Auswertung des Bundesjugendschreibens sowie ein Vorausblick auf die kommende 47. Ausgabe des Wettbewerbs und die Planung eines Jugendprogramms f\u00fcr die Deutschen Meisterschaften 2020 in Worms.<!--more--><\/p>\n<figure id=\"attachment_267\" aria-describedby=\"caption-attachment-267\" style=\"width: 150px\" class=\"wp-caption alignright\"><img loading=\"lazy\" decoding=\"async\" class=\"wp-image-267 size-thumbnail\" src=\"http:\/\/www.schuelerleistungsschreiben.de\/wp-content\/uploads\/2019\/10\/20191019_203221-150x150.jpg\" alt=\"Thorsten und Jens beim Herumalbern\" width=\"150\" height=\"150\" srcset=\"https:\/\/www.bjckm.de\/wp-content\/uploads\/2019\/10\/20191019_203221-150x150.jpg 150w, https:\/\/www.bjckm.de\/wp-content\/uploads\/2019\/10\/20191019_203221-230x230.jpg 230w, https:\/\/www.bjckm.de\/wp-content\/uploads\/2019\/10\/20191019_203221-365x365.jpg 365w\" sizes=\"auto, (max-width: 150px) 100vw, 150px\" \/><figcaption id=\"caption-attachment-267\" class=\"wp-caption-text\">Thorsten und Jens beim Herumalbern w\u00e4hrend des Herbsttreffens<\/figcaption><\/figure>\n<p>Um die Themen m\u00f6glichst effizient bearbeiten zu k\u00f6nnen, fand die Arbeit nach einer eingehenden Besprechung mit allen anwesenden Teilnehmern in Kleingruppen statt. Die neue Homepage, die jetzt auf einer WordPress-Installation basiert, wurde erstellt und mit Inhalt bef\u00fcllt. Dank responsivem Design k\u00f6nnen die Seiten nun auch einfach mit Smartphones oder Tablets aufgerufen werden. Auch ein Zugriff auf die Social-Media-Kan\u00e4le der BJCKM wurde vereinfacht.<\/p>\n<p>Die Auswertung des Bundesjugendschreibens ergab, dass im vergangenen Jahr erstmals wieder mehr Teilnehmer an den Wettbewerben zu verzeichnen war. Ob sich daraus ein allgemeiner Trend f\u00fcr die n\u00e4chsten Jahre ableiten l\u00e4sst, kann zurzeit aber noch nicht festgestellt werden. Weiterhin wurden \u00dcberlegungen angestellt, wie sich die Organisation des Bundesjugendschreibens in Zukunft einfacher gestalten l\u00e4sst.<\/p>\n<p>F\u00fcr die Deutschen Meisterschaften 2020 soll wieder ein Programm am Donnerstagabend und am Freitagnachmittag angeboten werden. Dazu wurden verschiedene Ideen erl\u00e4utert. Das endg\u00fcltige Programm wird mit der Ausschreibung f\u00fcr die Deutschen Meisterschaften bekannt gegeben.<\/p>\n<figure id=\"attachment_326\" aria-describedby=\"caption-attachment-326\" style=\"width: 608px\" class=\"wp-caption aligncenter\"><img loading=\"lazy\" decoding=\"async\" class=\"wp-image-326 size-large\" src=\"http:\/\/www.schuelerleistungsschreiben.de\/wp-content\/uploads\/2019\/10\/20191019_115527-608x1024.jpg\" alt=\"Aussichtsturm im Naturerlebnispark Panarbora in Waldbr\u00f6l\" width=\"608\" height=\"1024\" srcset=\"https:\/\/www.bjckm.de\/wp-content\/uploads\/2019\/10\/20191019_115527-608x1024.jpg 608w, https:\/\/www.bjckm.de\/wp-content\/uploads\/2019\/10\/20191019_115527-178x300.jpg 178w\" sizes=\"auto, (max-width: 608px) 100vw, 608px\" \/><figcaption id=\"caption-attachment-326\" class=\"wp-caption-text\">Der 40 Meter hohe Aussichtsturm des Naturerlebnisparks Panarbora in Waldbr\u00f6l<\/figcaption><\/figure>\n","protected":false},"excerpt":{"rendered":"<p>Am vergangenen Wochenende trafen sich Jugendvertreter zum j\u00e4hrlichen Herbsttreffen in der sch\u00f6nen Jugendherberge Panarbora in Waldbr\u00f6l. Die Themen des diesj\u00e4hrigen Herbsttreffens waren unter anderem die Neugestaltung der Homepage der BJCKM in einem zeitgem\u00e4\u00dfen Layout, die Auswertung des Bundesjugendschreibens sowie ein Vorausblick auf die kommende 47. Ausgabe des Wettbewerbs und die Planung eines Jugendprogramms f\u00fcr die Deutschen Meisterschaften 2020 in Worms.<\/p>\n","protected":false},"author":2,"featured_media":234,"comment_status":"closed","ping_status":"closed","sticky":false,"template":"","format":"standard","meta":{"footnotes":""},"categories":[1],"tags":[],"class_list":["post-256","post","type-post","status-publish","format-standard","has-post-thumbnail","hentry","category-allgemein","","tg-column-two"],"yoast_head":"<!-- This site is optimized with the Yoast SEO plugin v27.4 - https:\/\/yoast.com\/product\/yoast-seo-wordpress\/ -->\n<title>Herbsttreffen 2019 in Waldbr\u00f6l - BJCKM<\/title>\n<meta name=\"robots\" content=\"index, follow, max-snippet:-1, max-image-preview:large, max-video-preview:-1\" \/>\n<link rel=\"canonical\" href=\"https:\/\/www.bjckm.de\/index.php\/herbsttreffen2019\/\" \/>\n<meta property=\"og:locale\" content=\"de_DE\" \/>\n<meta property=\"og:type\" content=\"article\" \/>\n<meta property=\"og:title\" content=\"Herbsttreffen 2019 in Waldbr\u00f6l - BJCKM\" \/>\n<meta property=\"og:description\" content=\"Am vergangenen Wochenende trafen sich Jugendvertreter zum j\u00e4hrlichen Herbsttreffen in der sch\u00f6nen Jugendherberge Panarbora in Waldbr\u00f6l. Die Themen des diesj\u00e4hrigen Herbsttreffens waren unter anderem die Neugestaltung der Homepage der BJCKM in einem zeitgem\u00e4\u00dfen Layout, die Auswertung des Bundesjugendschreibens sowie ein Vorausblick auf die kommende 47. Ausgabe des Wettbewerbs und die Planung eines Jugendprogramms f\u00fcr die Deutschen Meisterschaften 2020 in Worms.\" \/>\n<meta property=\"og:url\" content=\"https:\/\/www.bjckm.de\/index.php\/herbsttreffen2019\/\" \/>\n<meta property=\"og:site_name\" content=\"BJCKM\" \/>\n<meta property=\"article:publisher\" content=\"https:\/\/www.facebook.com\/bjckm\" \/>\n<meta property=\"article:published_time\" content=\"2019-10-21T08:40:34+00:00\" \/>\n<meta property=\"article:modified_time\" content=\"2019-10-21T08:48:43+00:00\" \/>\n<meta property=\"og:image\" content=\"https:\/\/www.bjckm.de\/wp-content\/uploads\/2019\/10\/2019_BJCKM_Herbsttreffen_Gruppenfoto.jpg\" \/>\n\t<meta property=\"og:image:width\" content=\"3222\" \/>\n\t<meta property=\"og:image:height\" content=\"1898\" \/>\n\t<meta property=\"og:image:type\" content=\"image\/jpeg\" \/>\n<meta name=\"author\" content=\"Roman Hoos\" \/>\n<meta name=\"twitter:card\" content=\"summary_large_image\" \/>\n<meta name=\"twitter:creator\" content=\"@bjckm_steno\" \/>\n<meta name=\"twitter:site\" content=\"@bjckm_steno\" \/>\n<meta name=\"twitter:label1\" content=\"Verfasst von\" \/>\n\t<meta name=\"twitter:data1\" content=\"Roman Hoos\" \/>\n\t<meta name=\"twitter:label2\" content=\"Gesch\u00e4tzte Lesezeit\" \/>\n\t<meta name=\"twitter:data2\" content=\"1\u00a0Minute\" \/>\n<script type=\"application\/ld+json\" class=\"yoast-schema-graph\">{\"@context\":\"https:\\\/\\\/schema.org\",\"@graph\":[{\"@type\":\"Article\",\"@id\":\"https:\\\/\\\/www.bjckm.de\\\/index.php\\\/herbsttreffen2019\\\/#article\",\"isPartOf\":{\"@id\":\"https:\\\/\\\/www.bjckm.de\\\/index.php\\\/herbsttreffen2019\\\/\"},\"author\":{\"name\":\"Roman Hoos\",\"@id\":\"https:\\\/\\\/www.bjckm.de\\\/#\\\/schema\\\/person\\\/b68002e8544802f1315876d3fa1d060d\"},\"headline\":\"Herbsttreffen 2019 in Waldbr\u00f6l\",\"datePublished\":\"2019-10-21T08:40:34+00:00\",\"dateModified\":\"2019-10-21T08:48:43+00:00\",\"mainEntityOfPage\":{\"@id\":\"https:\\\/\\\/www.bjckm.de\\\/index.php\\\/herbsttreffen2019\\\/\"},\"wordCount\":276,\"publisher\":{\"@id\":\"https:\\\/\\\/www.bjckm.de\\\/#organization\"},\"image\":{\"@id\":\"https:\\\/\\\/www.bjckm.de\\\/index.php\\\/herbsttreffen2019\\\/#primaryimage\"},\"thumbnailUrl\":\"https:\\\/\\\/www.bjckm.de\\\/wp-content\\\/uploads\\\/2019\\\/10\\\/2019_BJCKM_Herbsttreffen_Gruppenfoto.jpg\",\"inLanguage\":\"de\"},{\"@type\":\"WebPage\",\"@id\":\"https:\\\/\\\/www.bjckm.de\\\/index.php\\\/herbsttreffen2019\\\/\",\"url\":\"https:\\\/\\\/www.bjckm.de\\\/index.php\\\/herbsttreffen2019\\\/\",\"name\":\"Herbsttreffen 2019 in Waldbr\u00f6l - BJCKM\",\"isPartOf\":{\"@id\":\"https:\\\/\\\/www.bjckm.de\\\/#website\"},\"primaryImageOfPage\":{\"@id\":\"https:\\\/\\\/www.bjckm.de\\\/index.php\\\/herbsttreffen2019\\\/#primaryimage\"},\"image\":{\"@id\":\"https:\\\/\\\/www.bjckm.de\\\/index.php\\\/herbsttreffen2019\\\/#primaryimage\"},\"thumbnailUrl\":\"https:\\\/\\\/www.bjckm.de\\\/wp-content\\\/uploads\\\/2019\\\/10\\\/2019_BJCKM_Herbsttreffen_Gruppenfoto.jpg\",\"datePublished\":\"2019-10-21T08:40:34+00:00\",\"dateModified\":\"2019-10-21T08:48:43+00:00\",\"breadcrumb\":{\"@id\":\"https:\\\/\\\/www.bjckm.de\\\/index.php\\\/herbsttreffen2019\\\/#breadcrumb\"},\"inLanguage\":\"de\",\"potentialAction\":[{\"@type\":\"ReadAction\",\"target\":[\"https:\\\/\\\/www.bjckm.de\\\/index.php\\\/herbsttreffen2019\\\/\"]}]},{\"@type\":\"ImageObject\",\"inLanguage\":\"de\",\"@id\":\"https:\\\/\\\/www.bjckm.de\\\/index.php\\\/herbsttreffen2019\\\/#primaryimage\",\"url\":\"https:\\\/\\\/www.bjckm.de\\\/wp-content\\\/uploads\\\/2019\\\/10\\\/2019_BJCKM_Herbsttreffen_Gruppenfoto.jpg\",\"contentUrl\":\"https:\\\/\\\/www.bjckm.de\\\/wp-content\\\/uploads\\\/2019\\\/10\\\/2019_BJCKM_Herbsttreffen_Gruppenfoto.jpg\",\"width\":3222,\"height\":1898,\"caption\":\"Die Teilnehmer des Herbsttreffens 2019 in Waldbr\u00f6l\"},{\"@type\":\"BreadcrumbList\",\"@id\":\"https:\\\/\\\/www.bjckm.de\\\/index.php\\\/herbsttreffen2019\\\/#breadcrumb\",\"itemListElement\":[{\"@type\":\"ListItem\",\"position\":1,\"name\":\"Startseite\",\"item\":\"https:\\\/\\\/www.bjckm.de\\\/\"},{\"@type\":\"ListItem\",\"position\":2,\"name\":\"Herbsttreffen 2019 in Waldbr\u00f6l\"}]},{\"@type\":\"WebSite\",\"@id\":\"https:\\\/\\\/www.bjckm.de\\\/#website\",\"url\":\"https:\\\/\\\/www.bjckm.de\\\/\",\"name\":\"BJCKM\",\"description\":\"Bundesjugend f\u00fcr Computer, Kurzschrift und Medien\",\"publisher\":{\"@id\":\"https:\\\/\\\/www.bjckm.de\\\/#organization\"},\"potentialAction\":[{\"@type\":\"SearchAction\",\"target\":{\"@type\":\"EntryPoint\",\"urlTemplate\":\"https:\\\/\\\/www.bjckm.de\\\/?s={search_term_string}\"},\"query-input\":{\"@type\":\"PropertyValueSpecification\",\"valueRequired\":true,\"valueName\":\"search_term_string\"}}],\"inLanguage\":\"de\"},{\"@type\":\"Organization\",\"@id\":\"https:\\\/\\\/www.bjckm.de\\\/#organization\",\"name\":\"Bundesjugend f\u00fcr Computer, Kurzschrift und Medien\",\"url\":\"https:\\\/\\\/www.bjckm.de\\\/\",\"logo\":{\"@type\":\"ImageObject\",\"inLanguage\":\"de\",\"@id\":\"https:\\\/\\\/www.bjckm.de\\\/#\\\/schema\\\/logo\\\/image\\\/\",\"url\":\"https:\\\/\\\/www.bjckm.de\\\/wp-content\\\/uploads\\\/2019\\\/10\\\/cropped-logo_bjckm_farbe_text_12000x3375-e1571842379885.png\",\"contentUrl\":\"https:\\\/\\\/www.bjckm.de\\\/wp-content\\\/uploads\\\/2019\\\/10\\\/cropped-logo_bjckm_farbe_text_12000x3375-e1571842379885.png\",\"width\":583,\"height\":115,\"caption\":\"Bundesjugend f\u00fcr Computer, Kurzschrift und Medien\"},\"image\":{\"@id\":\"https:\\\/\\\/www.bjckm.de\\\/#\\\/schema\\\/logo\\\/image\\\/\"},\"sameAs\":[\"https:\\\/\\\/www.facebook.com\\\/bjckm\",\"https:\\\/\\\/x.com\\\/bjckm_steno\",\"https:\\\/\\\/www.instagram.com\\\/bjckm19\"]},{\"@type\":\"Person\",\"@id\":\"https:\\\/\\\/www.bjckm.de\\\/#\\\/schema\\\/person\\\/b68002e8544802f1315876d3fa1d060d\",\"name\":\"Roman Hoos\",\"image\":{\"@type\":\"ImageObject\",\"inLanguage\":\"de\",\"@id\":\"https:\\\/\\\/secure.gravatar.com\\\/avatar\\\/75ad1c3a9d25ea176b8b64a87458efe6db5a831a9b5816bfede5a151bb2cdbdc?s=96&d=mm&r=g\",\"url\":\"https:\\\/\\\/secure.gravatar.com\\\/avatar\\\/75ad1c3a9d25ea176b8b64a87458efe6db5a831a9b5816bfede5a151bb2cdbdc?s=96&d=mm&r=g\",\"contentUrl\":\"https:\\\/\\\/secure.gravatar.com\\\/avatar\\\/75ad1c3a9d25ea176b8b64a87458efe6db5a831a9b5816bfede5a151bb2cdbdc?s=96&d=mm&r=g\",\"caption\":\"Roman Hoos\"},\"url\":\"https:\\\/\\\/www.bjckm.de\\\/index.php\\\/author\\\/roman\\\/\"}]}<\/script>\n<!-- \/ Yoast SEO plugin. -->","yoast_head_json":{"title":"Herbsttreffen 2019 in Waldbr\u00f6l - BJCKM","robots":{"index":"index","follow":"follow","max-snippet":"max-snippet:-1","max-image-preview":"max-image-preview:large","max-video-preview":"max-video-preview:-1"},"canonical":"https:\/\/www.bjckm.de\/index.php\/herbsttreffen2019\/","og_locale":"de_DE","og_type":"article","og_title":"Herbsttreffen 2019 in Waldbr\u00f6l - BJCKM","og_description":"Am vergangenen Wochenende trafen sich Jugendvertreter zum j\u00e4hrlichen Herbsttreffen in der sch\u00f6nen Jugendherberge Panarbora in Waldbr\u00f6l. Die Themen des diesj\u00e4hrigen Herbsttreffens waren unter anderem die Neugestaltung der Homepage der BJCKM in einem zeitgem\u00e4\u00dfen Layout, die Auswertung des Bundesjugendschreibens sowie ein Vorausblick auf die kommende 47. Ausgabe des Wettbewerbs und die Planung eines Jugendprogramms f\u00fcr die Deutschen Meisterschaften 2020 in Worms.","og_url":"https:\/\/www.bjckm.de\/index.php\/herbsttreffen2019\/","og_site_name":"BJCKM","article_publisher":"https:\/\/www.facebook.com\/bjckm","article_published_time":"2019-10-21T08:40:34+00:00","article_modified_time":"2019-10-21T08:48:43+00:00","og_image":[{"width":3222,"height":1898,"url":"https:\/\/www.bjckm.de\/wp-content\/uploads\/2019\/10\/2019_BJCKM_Herbsttreffen_Gruppenfoto.jpg","type":"image\/jpeg"}],"author":"Roman Hoos","twitter_card":"summary_large_image","twitter_creator":"@bjckm_steno","twitter_site":"@bjckm_steno","twitter_misc":{"Verfasst von":"Roman Hoos","Gesch\u00e4tzte Lesezeit":"1\u00a0Minute"},"schema":{"@context":"https:\/\/schema.org","@graph":[{"@type":"Article","@id":"https:\/\/www.bjckm.de\/index.php\/herbsttreffen2019\/#article","isPartOf":{"@id":"https:\/\/www.bjckm.de\/index.php\/herbsttreffen2019\/"},"author":{"name":"Roman Hoos","@id":"https:\/\/www.bjckm.de\/#\/schema\/person\/b68002e8544802f1315876d3fa1d060d"},"headline":"Herbsttreffen 2019 in Waldbr\u00f6l","datePublished":"2019-10-21T08:40:34+00:00","dateModified":"2019-10-21T08:48:43+00:00","mainEntityOfPage":{"@id":"https:\/\/www.bjckm.de\/index.php\/herbsttreffen2019\/"},"wordCount":276,"publisher":{"@id":"https:\/\/www.bjckm.de\/#organization"},"image":{"@id":"https:\/\/www.bjckm.de\/index.php\/herbsttreffen2019\/#primaryimage"},"thumbnailUrl":"https:\/\/www.bjckm.de\/wp-content\/uploads\/2019\/10\/2019_BJCKM_Herbsttreffen_Gruppenfoto.jpg","inLanguage":"de"},{"@type":"WebPage","@id":"https:\/\/www.bjckm.de\/index.php\/herbsttreffen2019\/","url":"https:\/\/www.bjckm.de\/index.php\/herbsttreffen2019\/","name":"Herbsttreffen 2019 in Waldbr\u00f6l - BJCKM","isPartOf":{"@id":"https:\/\/www.bjckm.de\/#website"},"primaryImageOfPage":{"@id":"https:\/\/www.bjckm.de\/index.php\/herbsttreffen2019\/#primaryimage"},"image":{"@id":"https:\/\/www.bjckm.de\/index.php\/herbsttreffen2019\/#primaryimage"},"thumbnailUrl":"https:\/\/www.bjckm.de\/wp-content\/uploads\/2019\/10\/2019_BJCKM_Herbsttreffen_Gruppenfoto.jpg","datePublished":"2019-10-21T08:40:34+00:00","dateModified":"2019-10-21T08:48:43+00:00","breadcrumb":{"@id":"https:\/\/www.bjckm.de\/index.php\/herbsttreffen2019\/#breadcrumb"},"inLanguage":"de","potentialAction":[{"@type":"ReadAction","target":["https:\/\/www.bjckm.de\/index.php\/herbsttreffen2019\/"]}]},{"@type":"ImageObject","inLanguage":"de","@id":"https:\/\/www.bjckm.de\/index.php\/herbsttreffen2019\/#primaryimage","url":"https:\/\/www.bjckm.de\/wp-content\/uploads\/2019\/10\/2019_BJCKM_Herbsttreffen_Gruppenfoto.jpg","contentUrl":"https:\/\/www.bjckm.de\/wp-content\/uploads\/2019\/10\/2019_BJCKM_Herbsttreffen_Gruppenfoto.jpg","width":3222,"height":1898,"caption":"Die Teilnehmer des Herbsttreffens 2019 in Waldbr\u00f6l"},{"@type":"BreadcrumbList","@id":"https:\/\/www.bjckm.de\/index.php\/herbsttreffen2019\/#breadcrumb","itemListElement":[{"@type":"ListItem","position":1,"name":"Startseite","item":"https:\/\/www.bjckm.de\/"},{"@type":"ListItem","position":2,"name":"Herbsttreffen 2019 in Waldbr\u00f6l"}]},{"@type":"WebSite","@id":"https:\/\/www.bjckm.de\/#website","url":"https:\/\/www.bjckm.de\/","name":"BJCKM","description":"Bundesjugend f\u00fcr Computer, Kurzschrift und Medien","publisher":{"@id":"https:\/\/www.bjckm.de\/#organization"},"potentialAction":[{"@type":"SearchAction","target":{"@type":"EntryPoint","urlTemplate":"https:\/\/www.bjckm.de\/?s={search_term_string}"},"query-input":{"@type":"PropertyValueSpecification","valueRequired":true,"valueName":"search_term_string"}}],"inLanguage":"de"},{"@type":"Organization","@id":"https:\/\/www.bjckm.de\/#organization","name":"Bundesjugend f\u00fcr Computer, Kurzschrift und Medien","url":"https:\/\/www.bjckm.de\/","logo":{"@type":"ImageObject","inLanguage":"de","@id":"https:\/\/www.bjckm.de\/#\/schema\/logo\/image\/","url":"https:\/\/www.bjckm.de\/wp-content\/uploads\/2019\/10\/cropped-logo_bjckm_farbe_text_12000x3375-e1571842379885.png","contentUrl":"https:\/\/www.bjckm.de\/wp-content\/uploads\/2019\/10\/cropped-logo_bjckm_farbe_text_12000x3375-e1571842379885.png","width":583,"height":115,"caption":"Bundesjugend f\u00fcr Computer, Kurzschrift und Medien"},"image":{"@id":"https:\/\/www.bjckm.de\/#\/schema\/logo\/image\/"},"sameAs":["https:\/\/www.facebook.com\/bjckm","https:\/\/x.com\/bjckm_steno","https:\/\/www.instagram.com\/bjckm19"]},{"@type":"Person","@id":"https:\/\/www.bjckm.de\/#\/schema\/person\/b68002e8544802f1315876d3fa1d060d","name":"Roman Hoos","image":{"@type":"ImageObject","inLanguage":"de","@id":"https:\/\/secure.gravatar.com\/avatar\/75ad1c3a9d25ea176b8b64a87458efe6db5a831a9b5816bfede5a151bb2cdbdc?s=96&d=mm&r=g","url":"https:\/\/secure.gravatar.com\/avatar\/75ad1c3a9d25ea176b8b64a87458efe6db5a831a9b5816bfede5a151bb2cdbdc?s=96&d=mm&r=g","contentUrl":"https:\/\/secure.gravatar.com\/avatar\/75ad1c3a9d25ea176b8b64a87458efe6db5a831a9b5816bfede5a151bb2cdbdc?s=96&d=mm&r=g","caption":"Roman Hoos"},"url":"https:\/\/www.bjckm.de\/index.php\/author\/roman\/"}]}},"_links":{"self":[{"href":"https:\/\/www.bjckm.de\/index.php\/wp-json\/wp\/v2\/posts\/256","targetHints":{"allow":["GET"]}}],"collection":[{"href":"https:\/\/www.bjckm.de\/index.php\/wp-json\/wp\/v2\/posts"}],"about":[{"href":"https:\/\/www.bjckm.de\/index.php\/wp-json\/wp\/v2\/types\/post"}],"author":[{"embeddable":true,"href":"https:\/\/www.bjckm.de\/index.php\/wp-json\/wp\/v2\/users\/2"}],"replies":[{"embeddable":true,"href":"https:\/\/www.bjckm.de\/index.php\/wp-json\/wp\/v2\/comments?post=256"}],"version-history":[{"count":0,"href":"https:\/\/www.bjckm.de\/index.php\/wp-json\/wp\/v2\/posts\/256\/revisions"}],"wp:featuredmedia":[{"embeddable":true,"href":"https:\/\/www.bjckm.de\/index.php\/wp-json\/wp\/v2\/media\/234"}],"wp:attachment":[{"href":"https:\/\/www.bjckm.de\/index.php\/wp-json\/wp\/v2\/media?parent=256"}],"wp:term":[{"taxonomy":"category","embeddable":true,"href":"https:\/\/www.bjckm.de\/index.php\/wp-json\/wp\/v2\/categories?post=256"},{"taxonomy":"post_tag","embeddable":true,"href":"https:\/\/www.bjckm.de\/index.php\/wp-json\/wp\/v2\/tags?post=256"}],"curies":[{"name":"wp","href":"https:\/\/api.w.org\/{rel}","templated":true}]}}