{"id":758,"date":"2020-03-14T17:14:48","date_gmt":"2020-03-14T16:14:48","guid":{"rendered":"https:\/\/www.bjckm.de\/?p=758"},"modified":"2020-03-14T17:16:13","modified_gmt":"2020-03-14T16:16:13","slug":"delegiertenversammlung-2020","status":"publish","type":"post","link":"https:\/\/www.bjckm.de\/index.php\/delegiertenversammlung-2020\/","title":{"rendered":"Delegiertenversammlung der BJCKM"},"content":{"rendered":"<figure id=\"attachment_760\" aria-describedby=\"caption-attachment-760\" style=\"width: 300px\" class=\"wp-caption alignright\"><img loading=\"lazy\" decoding=\"async\" class=\"size-medium wp-image-760\" src=\"https:\/\/www.bjckm.de\/wp-content\/uploads\/2020\/03\/WhatsApp-Image-2020-03-08-at-11.58.34-300x224.jpg\" alt=\"Die Mitglieder der BJL in der T\u00fcr einer historischen Stra\u00dfenbahn\" width=\"300\" height=\"224\" srcset=\"https:\/\/www.bjckm.de\/wp-content\/uploads\/2020\/03\/WhatsApp-Image-2020-03-08-at-11.58.34-300x224.jpg 300w, https:\/\/www.bjckm.de\/wp-content\/uploads\/2020\/03\/WhatsApp-Image-2020-03-08-at-11.58.34-768x575.jpg 768w, https:\/\/www.bjckm.de\/wp-content\/uploads\/2020\/03\/WhatsApp-Image-2020-03-08-at-11.58.34-1024x767.jpg 1024w, https:\/\/www.bjckm.de\/wp-content\/uploads\/2020\/03\/WhatsApp-Image-2020-03-08-at-11.58.34-1536x1151.jpg 1536w, https:\/\/www.bjckm.de\/wp-content\/uploads\/2020\/03\/WhatsApp-Image-2020-03-08-at-11.58.34.jpeg 1593w\" sizes=\"auto, (max-width: 300px) 100vw, 300px\" \/><figcaption id=\"caption-attachment-760\" class=\"wp-caption-text\">Die neue BJL: (von links) Thorsten Kempermann: Rechner, Annika Knehans: Stv. Bundesjugendleiterin, Roman Hoos: Bundesjugendleiter (es fehlt Konstantin Schwalm: Stv. Bundesjugenleiter)<\/figcaption><\/figure>\n<p>Bei der Delegiertenversammlung, die am 7. und 8. M\u00e4rz in Dortmund tagte, standen &#8211; wie alle 2 Jahre &#8211; wieder Wahlen zur Bundesjugendleitung auf der Tagesordnung. Dabei kam es zu einem Wechsel in der BJL; Christiane B\u00fclten stellte sich nach 10 Jahren als Bundesjugendrechnerin nicht mehr zur Wahl. Zum neuen Bundesjugendrechner wurde einstimmig Thorsten Kempermann gew\u00e4hlt.<!--more-->Alle anderen Posten innerhalb der Bundesjugendleitung wurden best\u00e4tigt. An dieser Stelle wollen wir Christiane B\u00fclten schon einmal sehr herzlich f\u00fcr ihre jahrelange hervorragende Arbeit als Bundesjugendrechnerin danken!<\/p>\n<p>Die neue Bundesjugendleitung setzt sich &#8211; vorbehaltlich der Zustimmung der Mitgliederversammlung des Deutschen Stenografenbundes &#8211;\u00a0 nun wie folgt zusammen:<\/p>\n<p>Bundesjugendleiter: Roman Hoos<br \/>\nStv. Bundesjugendleiterin: Annika Knehans<br \/>\nStv. Bundesjugendleiter: Konstantin Schwalm<br \/>\nBundesjugendrechner: Thorsten Kempermann<\/p>\n<p>Neben den Wahlen standen weiterhin als wichtige Themen die Haushaltsplanung, das Jahresprogramm der BJCKM sowie das Bundesjugendschreiben auf der Tagesordnung.<\/p>\n<p>Da die Delegiertenversammlung parallel zum Bezirkstag der Bezirke Rheinland-Westfalen und Rhein-Ruhr durchgef\u00fchrt wurde, bestand auch die M\u00f6glichkeit, vor der Sitzung an den Wettbewerben in Stenografie, Tastschreiben und Textbearbeitung teilzunehmen, was sich einige Teilnehmer nicht nehmen lie\u00dfen. Zudem wurde die Delegiertenversammlung auch durch das Rahmenprogramm des Bezirkstages abgerundet, das aus einem Besuch im Nahverkehrsmuseum Dortmund inklusive einer Fahrt in einer historischen Stra\u00dfenbahn von 1949 bestand.<\/p>\n","protected":false},"excerpt":{"rendered":"<p>Bei der Delegiertenversammlung, die am 7. und 8. M\u00e4rz in Dortmund tagte, standen &#8211; wie alle 2 Jahre &#8211; wieder Wahlen zur Bundesjugendleitung auf der Tagesordnung. Dabei kam es zu einem Wechsel in der BJL; Christiane B\u00fclten stellte sich nach 10 Jahren als Bundesjugendrechnerin nicht mehr zur Wahl. Zum neuen Bundesjugendrechner wurde einstimmig Thorsten Kempermann gew\u00e4hlt.<\/p>\n","protected":false},"author":2,"featured_media":760,"comment_status":"closed","ping_status":"closed","sticky":false,"template":"","format":"standard","meta":{"footnotes":""},"categories":[1],"tags":[],"class_list":["post-758","post","type-post","status-publish","format-standard","has-post-thumbnail","hentry","category-allgemein","","tg-column-two"],"yoast_head":"<!-- This site is optimized with the Yoast SEO plugin v27.4 - https:\/\/yoast.com\/product\/yoast-seo-wordpress\/ -->\n<title>Delegiertenversammlung der BJCKM - BJCKM<\/title>\n<meta name=\"robots\" content=\"index, follow, max-snippet:-1, max-image-preview:large, max-video-preview:-1\" \/>\n<link rel=\"canonical\" href=\"https:\/\/www.bjckm.de\/index.php\/delegiertenversammlung-2020\/\" \/>\n<meta property=\"og:locale\" content=\"de_DE\" \/>\n<meta property=\"og:type\" content=\"article\" \/>\n<meta property=\"og:title\" content=\"Delegiertenversammlung der BJCKM - BJCKM\" \/>\n<meta property=\"og:description\" content=\"Bei der Delegiertenversammlung, die am 7. und 8. M\u00e4rz in Dortmund tagte, standen &#8211; wie alle 2 Jahre &#8211; wieder Wahlen zur Bundesjugendleitung auf der Tagesordnung. Dabei kam es zu einem Wechsel in der BJL; Christiane B\u00fclten stellte sich nach 10 Jahren als Bundesjugendrechnerin nicht mehr zur Wahl. Zum neuen Bundesjugendrechner wurde einstimmig Thorsten Kempermann gew\u00e4hlt.\" \/>\n<meta property=\"og:url\" content=\"https:\/\/www.bjckm.de\/index.php\/delegiertenversammlung-2020\/\" \/>\n<meta property=\"og:site_name\" content=\"BJCKM\" \/>\n<meta property=\"article:publisher\" content=\"https:\/\/www.facebook.com\/bjckm\" \/>\n<meta property=\"article:published_time\" content=\"2020-03-14T16:14:48+00:00\" \/>\n<meta property=\"article:modified_time\" content=\"2020-03-14T16:16:13+00:00\" \/>\n<meta property=\"og:image\" content=\"https:\/\/www.bjckm.de\/wp-content\/uploads\/2020\/03\/WhatsApp-Image-2020-03-08-at-11.58.34.jpeg\" \/>\n\t<meta property=\"og:image:width\" content=\"1593\" \/>\n\t<meta property=\"og:image:height\" content=\"1194\" \/>\n\t<meta property=\"og:image:type\" content=\"image\/jpeg\" \/>\n<meta name=\"author\" content=\"Roman Hoos\" \/>\n<meta name=\"twitter:card\" content=\"summary_large_image\" \/>\n<meta name=\"twitter:creator\" content=\"@bjckm_steno\" \/>\n<meta name=\"twitter:site\" content=\"@bjckm_steno\" \/>\n<meta name=\"twitter:label1\" content=\"Verfasst von\" \/>\n\t<meta name=\"twitter:data1\" content=\"Roman Hoos\" \/>\n\t<meta name=\"twitter:label2\" content=\"Gesch\u00e4tzte Lesezeit\" \/>\n\t<meta name=\"twitter:data2\" content=\"1\u00a0Minute\" \/>\n<script type=\"application\/ld+json\" class=\"yoast-schema-graph\">{\"@context\":\"https:\\\/\\\/schema.org\",\"@graph\":[{\"@type\":\"Article\",\"@id\":\"https:\\\/\\\/www.bjckm.de\\\/index.php\\\/delegiertenversammlung-2020\\\/#article\",\"isPartOf\":{\"@id\":\"https:\\\/\\\/www.bjckm.de\\\/index.php\\\/delegiertenversammlung-2020\\\/\"},\"author\":{\"name\":\"Roman Hoos\",\"@id\":\"https:\\\/\\\/www.bjckm.de\\\/#\\\/schema\\\/person\\\/b68002e8544802f1315876d3fa1d060d\"},\"headline\":\"Delegiertenversammlung der BJCKM\",\"datePublished\":\"2020-03-14T16:14:48+00:00\",\"dateModified\":\"2020-03-14T16:16:13+00:00\",\"mainEntityOfPage\":{\"@id\":\"https:\\\/\\\/www.bjckm.de\\\/index.php\\\/delegiertenversammlung-2020\\\/\"},\"wordCount\":236,\"publisher\":{\"@id\":\"https:\\\/\\\/www.bjckm.de\\\/#organization\"},\"image\":{\"@id\":\"https:\\\/\\\/www.bjckm.de\\\/index.php\\\/delegiertenversammlung-2020\\\/#primaryimage\"},\"thumbnailUrl\":\"https:\\\/\\\/www.bjckm.de\\\/wp-content\\\/uploads\\\/2020\\\/03\\\/WhatsApp-Image-2020-03-08-at-11.58.34.jpeg\",\"inLanguage\":\"de\"},{\"@type\":\"WebPage\",\"@id\":\"https:\\\/\\\/www.bjckm.de\\\/index.php\\\/delegiertenversammlung-2020\\\/\",\"url\":\"https:\\\/\\\/www.bjckm.de\\\/index.php\\\/delegiertenversammlung-2020\\\/\",\"name\":\"Delegiertenversammlung der BJCKM - BJCKM\",\"isPartOf\":{\"@id\":\"https:\\\/\\\/www.bjckm.de\\\/#website\"},\"primaryImageOfPage\":{\"@id\":\"https:\\\/\\\/www.bjckm.de\\\/index.php\\\/delegiertenversammlung-2020\\\/#primaryimage\"},\"image\":{\"@id\":\"https:\\\/\\\/www.bjckm.de\\\/index.php\\\/delegiertenversammlung-2020\\\/#primaryimage\"},\"thumbnailUrl\":\"https:\\\/\\\/www.bjckm.de\\\/wp-content\\\/uploads\\\/2020\\\/03\\\/WhatsApp-Image-2020-03-08-at-11.58.34.jpeg\",\"datePublished\":\"2020-03-14T16:14:48+00:00\",\"dateModified\":\"2020-03-14T16:16:13+00:00\",\"breadcrumb\":{\"@id\":\"https:\\\/\\\/www.bjckm.de\\\/index.php\\\/delegiertenversammlung-2020\\\/#breadcrumb\"},\"inLanguage\":\"de\",\"potentialAction\":[{\"@type\":\"ReadAction\",\"target\":[\"https:\\\/\\\/www.bjckm.de\\\/index.php\\\/delegiertenversammlung-2020\\\/\"]}]},{\"@type\":\"ImageObject\",\"inLanguage\":\"de\",\"@id\":\"https:\\\/\\\/www.bjckm.de\\\/index.php\\\/delegiertenversammlung-2020\\\/#primaryimage\",\"url\":\"https:\\\/\\\/www.bjckm.de\\\/wp-content\\\/uploads\\\/2020\\\/03\\\/WhatsApp-Image-2020-03-08-at-11.58.34.jpeg\",\"contentUrl\":\"https:\\\/\\\/www.bjckm.de\\\/wp-content\\\/uploads\\\/2020\\\/03\\\/WhatsApp-Image-2020-03-08-at-11.58.34.jpeg\",\"width\":1593,\"height\":1194,\"caption\":\"Die neue BJL (es fehlt Konstantin Schwalm)\"},{\"@type\":\"BreadcrumbList\",\"@id\":\"https:\\\/\\\/www.bjckm.de\\\/index.php\\\/delegiertenversammlung-2020\\\/#breadcrumb\",\"itemListElement\":[{\"@type\":\"ListItem\",\"position\":1,\"name\":\"Startseite\",\"item\":\"https:\\\/\\\/www.bjckm.de\\\/\"},{\"@type\":\"ListItem\",\"position\":2,\"name\":\"Delegiertenversammlung der BJCKM\"}]},{\"@type\":\"WebSite\",\"@id\":\"https:\\\/\\\/www.bjckm.de\\\/#website\",\"url\":\"https:\\\/\\\/www.bjckm.de\\\/\",\"name\":\"BJCKM\",\"description\":\"Bundesjugend f\u00fcr Computer, Kurzschrift und Medien\",\"publisher\":{\"@id\":\"https:\\\/\\\/www.bjckm.de\\\/#organization\"},\"potentialAction\":[{\"@type\":\"SearchAction\",\"target\":{\"@type\":\"EntryPoint\",\"urlTemplate\":\"https:\\\/\\\/www.bjckm.de\\\/?s={search_term_string}\"},\"query-input\":{\"@type\":\"PropertyValueSpecification\",\"valueRequired\":true,\"valueName\":\"search_term_string\"}}],\"inLanguage\":\"de\"},{\"@type\":\"Organization\",\"@id\":\"https:\\\/\\\/www.bjckm.de\\\/#organization\",\"name\":\"Bundesjugend f\u00fcr Computer, Kurzschrift und Medien\",\"url\":\"https:\\\/\\\/www.bjckm.de\\\/\",\"logo\":{\"@type\":\"ImageObject\",\"inLanguage\":\"de\",\"@id\":\"https:\\\/\\\/www.bjckm.de\\\/#\\\/schema\\\/logo\\\/image\\\/\",\"url\":\"https:\\\/\\\/www.bjckm.de\\\/wp-content\\\/uploads\\\/2019\\\/10\\\/cropped-logo_bjckm_farbe_text_12000x3375-e1571842379885.png\",\"contentUrl\":\"https:\\\/\\\/www.bjckm.de\\\/wp-content\\\/uploads\\\/2019\\\/10\\\/cropped-logo_bjckm_farbe_text_12000x3375-e1571842379885.png\",\"width\":583,\"height\":115,\"caption\":\"Bundesjugend f\u00fcr Computer, Kurzschrift und Medien\"},\"image\":{\"@id\":\"https:\\\/\\\/www.bjckm.de\\\/#\\\/schema\\\/logo\\\/image\\\/\"},\"sameAs\":[\"https:\\\/\\\/www.facebook.com\\\/bjckm\",\"https:\\\/\\\/x.com\\\/bjckm_steno\",\"https:\\\/\\\/www.instagram.com\\\/bjckm19\"]},{\"@type\":\"Person\",\"@id\":\"https:\\\/\\\/www.bjckm.de\\\/#\\\/schema\\\/person\\\/b68002e8544802f1315876d3fa1d060d\",\"name\":\"Roman Hoos\",\"image\":{\"@type\":\"ImageObject\",\"inLanguage\":\"de\",\"@id\":\"https:\\\/\\\/secure.gravatar.com\\\/avatar\\\/75ad1c3a9d25ea176b8b64a87458efe6db5a831a9b5816bfede5a151bb2cdbdc?s=96&d=mm&r=g\",\"url\":\"https:\\\/\\\/secure.gravatar.com\\\/avatar\\\/75ad1c3a9d25ea176b8b64a87458efe6db5a831a9b5816bfede5a151bb2cdbdc?s=96&d=mm&r=g\",\"contentUrl\":\"https:\\\/\\\/secure.gravatar.com\\\/avatar\\\/75ad1c3a9d25ea176b8b64a87458efe6db5a831a9b5816bfede5a151bb2cdbdc?s=96&d=mm&r=g\",\"caption\":\"Roman Hoos\"},\"url\":\"https:\\\/\\\/www.bjckm.de\\\/index.php\\\/author\\\/roman\\\/\"}]}<\/script>\n<!-- \/ Yoast SEO plugin. -->","yoast_head_json":{"title":"Delegiertenversammlung der BJCKM - BJCKM","robots":{"index":"index","follow":"follow","max-snippet":"max-snippet:-1","max-image-preview":"max-image-preview:large","max-video-preview":"max-video-preview:-1"},"canonical":"https:\/\/www.bjckm.de\/index.php\/delegiertenversammlung-2020\/","og_locale":"de_DE","og_type":"article","og_title":"Delegiertenversammlung der BJCKM - BJCKM","og_description":"Bei der Delegiertenversammlung, die am 7. und 8. M\u00e4rz in Dortmund tagte, standen &#8211; wie alle 2 Jahre &#8211; wieder Wahlen zur Bundesjugendleitung auf der Tagesordnung. Dabei kam es zu einem Wechsel in der BJL; Christiane B\u00fclten stellte sich nach 10 Jahren als Bundesjugendrechnerin nicht mehr zur Wahl. Zum neuen Bundesjugendrechner wurde einstimmig Thorsten Kempermann gew\u00e4hlt.","og_url":"https:\/\/www.bjckm.de\/index.php\/delegiertenversammlung-2020\/","og_site_name":"BJCKM","article_publisher":"https:\/\/www.facebook.com\/bjckm","article_published_time":"2020-03-14T16:14:48+00:00","article_modified_time":"2020-03-14T16:16:13+00:00","og_image":[{"width":1593,"height":1194,"url":"https:\/\/www.bjckm.de\/wp-content\/uploads\/2020\/03\/WhatsApp-Image-2020-03-08-at-11.58.34.jpeg","type":"image\/jpeg"}],"author":"Roman Hoos","twitter_card":"summary_large_image","twitter_creator":"@bjckm_steno","twitter_site":"@bjckm_steno","twitter_misc":{"Verfasst von":"Roman Hoos","Gesch\u00e4tzte Lesezeit":"1\u00a0Minute"},"schema":{"@context":"https:\/\/schema.org","@graph":[{"@type":"Article","@id":"https:\/\/www.bjckm.de\/index.php\/delegiertenversammlung-2020\/#article","isPartOf":{"@id":"https:\/\/www.bjckm.de\/index.php\/delegiertenversammlung-2020\/"},"author":{"name":"Roman Hoos","@id":"https:\/\/www.bjckm.de\/#\/schema\/person\/b68002e8544802f1315876d3fa1d060d"},"headline":"Delegiertenversammlung der BJCKM","datePublished":"2020-03-14T16:14:48+00:00","dateModified":"2020-03-14T16:16:13+00:00","mainEntityOfPage":{"@id":"https:\/\/www.bjckm.de\/index.php\/delegiertenversammlung-2020\/"},"wordCount":236,"publisher":{"@id":"https:\/\/www.bjckm.de\/#organization"},"image":{"@id":"https:\/\/www.bjckm.de\/index.php\/delegiertenversammlung-2020\/#primaryimage"},"thumbnailUrl":"https:\/\/www.bjckm.de\/wp-content\/uploads\/2020\/03\/WhatsApp-Image-2020-03-08-at-11.58.34.jpeg","inLanguage":"de"},{"@type":"WebPage","@id":"https:\/\/www.bjckm.de\/index.php\/delegiertenversammlung-2020\/","url":"https:\/\/www.bjckm.de\/index.php\/delegiertenversammlung-2020\/","name":"Delegiertenversammlung der BJCKM - BJCKM","isPartOf":{"@id":"https:\/\/www.bjckm.de\/#website"},"primaryImageOfPage":{"@id":"https:\/\/www.bjckm.de\/index.php\/delegiertenversammlung-2020\/#primaryimage"},"image":{"@id":"https:\/\/www.bjckm.de\/index.php\/delegiertenversammlung-2020\/#primaryimage"},"thumbnailUrl":"https:\/\/www.bjckm.de\/wp-content\/uploads\/2020\/03\/WhatsApp-Image-2020-03-08-at-11.58.34.jpeg","datePublished":"2020-03-14T16:14:48+00:00","dateModified":"2020-03-14T16:16:13+00:00","breadcrumb":{"@id":"https:\/\/www.bjckm.de\/index.php\/delegiertenversammlung-2020\/#breadcrumb"},"inLanguage":"de","potentialAction":[{"@type":"ReadAction","target":["https:\/\/www.bjckm.de\/index.php\/delegiertenversammlung-2020\/"]}]},{"@type":"ImageObject","inLanguage":"de","@id":"https:\/\/www.bjckm.de\/index.php\/delegiertenversammlung-2020\/#primaryimage","url":"https:\/\/www.bjckm.de\/wp-content\/uploads\/2020\/03\/WhatsApp-Image-2020-03-08-at-11.58.34.jpeg","contentUrl":"https:\/\/www.bjckm.de\/wp-content\/uploads\/2020\/03\/WhatsApp-Image-2020-03-08-at-11.58.34.jpeg","width":1593,"height":1194,"caption":"Die neue BJL (es fehlt Konstantin Schwalm)"},{"@type":"BreadcrumbList","@id":"https:\/\/www.bjckm.de\/index.php\/delegiertenversammlung-2020\/#breadcrumb","itemListElement":[{"@type":"ListItem","position":1,"name":"Startseite","item":"https:\/\/www.bjckm.de\/"},{"@type":"ListItem","position":2,"name":"Delegiertenversammlung der BJCKM"}]},{"@type":"WebSite","@id":"https:\/\/www.bjckm.de\/#website","url":"https:\/\/www.bjckm.de\/","name":"BJCKM","description":"Bundesjugend f\u00fcr Computer, Kurzschrift und Medien","publisher":{"@id":"https:\/\/www.bjckm.de\/#organization"},"potentialAction":[{"@type":"SearchAction","target":{"@type":"EntryPoint","urlTemplate":"https:\/\/www.bjckm.de\/?s={search_term_string}"},"query-input":{"@type":"PropertyValueSpecification","valueRequired":true,"valueName":"search_term_string"}}],"inLanguage":"de"},{"@type":"Organization","@id":"https:\/\/www.bjckm.de\/#organization","name":"Bundesjugend f\u00fcr Computer, Kurzschrift und Medien","url":"https:\/\/www.bjckm.de\/","logo":{"@type":"ImageObject","inLanguage":"de","@id":"https:\/\/www.bjckm.de\/#\/schema\/logo\/image\/","url":"https:\/\/www.bjckm.de\/wp-content\/uploads\/2019\/10\/cropped-logo_bjckm_farbe_text_12000x3375-e1571842379885.png","contentUrl":"https:\/\/www.bjckm.de\/wp-content\/uploads\/2019\/10\/cropped-logo_bjckm_farbe_text_12000x3375-e1571842379885.png","width":583,"height":115,"caption":"Bundesjugend f\u00fcr Computer, Kurzschrift und Medien"},"image":{"@id":"https:\/\/www.bjckm.de\/#\/schema\/logo\/image\/"},"sameAs":["https:\/\/www.facebook.com\/bjckm","https:\/\/x.com\/bjckm_steno","https:\/\/www.instagram.com\/bjckm19"]},{"@type":"Person","@id":"https:\/\/www.bjckm.de\/#\/schema\/person\/b68002e8544802f1315876d3fa1d060d","name":"Roman Hoos","image":{"@type":"ImageObject","inLanguage":"de","@id":"https:\/\/secure.gravatar.com\/avatar\/75ad1c3a9d25ea176b8b64a87458efe6db5a831a9b5816bfede5a151bb2cdbdc?s=96&d=mm&r=g","url":"https:\/\/secure.gravatar.com\/avatar\/75ad1c3a9d25ea176b8b64a87458efe6db5a831a9b5816bfede5a151bb2cdbdc?s=96&d=mm&r=g","contentUrl":"https:\/\/secure.gravatar.com\/avatar\/75ad1c3a9d25ea176b8b64a87458efe6db5a831a9b5816bfede5a151bb2cdbdc?s=96&d=mm&r=g","caption":"Roman Hoos"},"url":"https:\/\/www.bjckm.de\/index.php\/author\/roman\/"}]}},"_links":{"self":[{"href":"https:\/\/www.bjckm.de\/index.php\/wp-json\/wp\/v2\/posts\/758","targetHints":{"allow":["GET"]}}],"collection":[{"href":"https:\/\/www.bjckm.de\/index.php\/wp-json\/wp\/v2\/posts"}],"about":[{"href":"https:\/\/www.bjckm.de\/index.php\/wp-json\/wp\/v2\/types\/post"}],"author":[{"embeddable":true,"href":"https:\/\/www.bjckm.de\/index.php\/wp-json\/wp\/v2\/users\/2"}],"replies":[{"embeddable":true,"href":"https:\/\/www.bjckm.de\/index.php\/wp-json\/wp\/v2\/comments?post=758"}],"version-history":[{"count":7,"href":"https:\/\/www.bjckm.de\/index.php\/wp-json\/wp\/v2\/posts\/758\/revisions"}],"predecessor-version":[{"id":767,"href":"https:\/\/www.bjckm.de\/index.php\/wp-json\/wp\/v2\/posts\/758\/revisions\/767"}],"wp:featuredmedia":[{"embeddable":true,"href":"https:\/\/www.bjckm.de\/index.php\/wp-json\/wp\/v2\/media\/760"}],"wp:attachment":[{"href":"https:\/\/www.bjckm.de\/index.php\/wp-json\/wp\/v2\/media?parent=758"}],"wp:term":[{"taxonomy":"category","embeddable":true,"href":"https:\/\/www.bjckm.de\/index.php\/wp-json\/wp\/v2\/categories?post=758"},{"taxonomy":"post_tag","embeddable":true,"href":"https:\/\/www.bjckm.de\/index.php\/wp-json\/wp\/v2\/tags?post=758"}],"curies":[{"name":"wp","href":"https:\/\/api.w.org\/{rel}","templated":true}]}}