{"id":859,"date":"2020-07-22T01:43:43","date_gmt":"2020-07-21T23:43:43","guid":{"rendered":"https:\/\/www.bjckm.de\/?p=859"},"modified":"2020-07-22T01:43:43","modified_gmt":"2020-07-21T23:43:43","slug":"tastenwoelfe2020","status":"publish","type":"post","link":"https:\/\/www.bjckm.de\/index.php\/tastenwoelfe2020\/","title":{"rendered":"Trainingsseminar Tastenw\u00f6lfe der HStJ"},"content":{"rendered":"<p>Die Hessische Stenografenjugend bietet wieder das beliebete Tastschreibtrainingsseminar &#8222;Tastenw\u00f6lfe&#8220; an. Das Seminar richtet sich an alle ab 15 Jahren, die ihre Schreibleistung steigern und neue Trainingsmethoden kennenlernen wollen.<\/p>\n<p><img loading=\"lazy\" decoding=\"async\" class=\"alignright wp-image-474 size-medium\" src=\"https:\/\/www.bjckm.de\/wp-content\/uploads\/2019\/10\/2019_HStJ_Seminar_3-1024x632-300x185.jpg\" alt=\"Tastschreibseminar der Hessischen Stenografenjugend\" width=\"300\" height=\"185\" srcset=\"https:\/\/www.bjckm.de\/wp-content\/uploads\/2019\/10\/2019_HStJ_Seminar_3-1024x632-300x185.jpg 300w, https:\/\/www.bjckm.de\/wp-content\/uploads\/2019\/10\/2019_HStJ_Seminar_3-1024x632-768x474.jpg 768w, https:\/\/www.bjckm.de\/wp-content\/uploads\/2019\/10\/2019_HStJ_Seminar_3-1024x632.jpg 1024w\" sizes=\"auto, (max-width: 300px) 100vw, 300px\" \/><\/p>\n<p>Das Seminar findet vom <strong>18. bis 20. September 2020 <\/strong>in der<strong> Jugendherberge B\u00fcdingen<\/strong> statt. <!--more-->Aufgrund der akutellen Einschr\u00e4nkungen durch die Corona-Pandemie stehen weniger Pl\u00e4tze f\u00fcr Teilnehmer zur Verf\u00fcgung als sonst. Die &#8222;Tastenw\u00f6lfe&#8220; werden unter Beachtung der entsprechenden Hygienema\u00dfnahmen durchgef\u00fchrt. Trotz der notwendigen Einschr\u00e4nkungen verspricht das Seminar eine tolle Veranstaltung mit abwechslungsreichem Training, Schreibspielen und lustigen Wettbewerben zu werden.<\/p>\n<p>Anmeldung und n\u00e4here Informationen erteilt <strong>Patrick Sahm<\/strong> telefonisch unter <strong>06104 9532840<\/strong> oder per Mail an <strong><a href=\"mailto:tastenwoelfe@gmx-topmail.de\">tastenwoelfe@gmx-topmail.de<\/a><\/strong>. Die Ausschreibung kann hier heruntergeladen werden:<\/p>\n<a href=\"https:\/\/www.bjckm.de\/wp-content\/uploads\/2020\/07\/Ausschreibung-Tastenwoelfe-1-2020-Sept.pdf\" class=\"su-button su-button-style-default\" style=\"color:#FFFFFF;background-color:#2D89EF;border-color:#246ec0;border-radius:8px\" target=\"_blank\" rel=\"noopener noreferrer\"><span style=\"color:#FFFFFF;padding:7px 22px;font-size:17px;line-height:26px;border-color:#6cadf4;border-radius:8px;text-shadow:none\"><i class=\"sui sui-download\" style=\"font-size:17px;color:#FFFFFF\"><\/i> Ausschreibung Tastenw\u00f6lfe 1\/2020<\/span><\/a>\n<p>&nbsp;<\/p>\n","protected":false},"excerpt":{"rendered":"<p>Die Hessische Stenografenjugend bietet wieder das beliebete Tastschreibtrainingsseminar &#8222;Tastenw\u00f6lfe&#8220; an. Das Seminar richtet sich an alle ab 15 Jahren, die ihre Schreibleistung steigern und neue Trainingsmethoden kennenlernen wollen. Das Seminar findet vom 18. bis 20. September 2020 in der Jugendherberge B\u00fcdingen statt.<\/p>\n","protected":false},"author":2,"featured_media":474,"comment_status":"closed","ping_status":"closed","sticky":false,"template":"","format":"standard","meta":{"footnotes":""},"categories":[1],"tags":[],"class_list":["post-859","post","type-post","status-publish","format-standard","has-post-thumbnail","hentry","category-allgemein","","tg-column-two"],"yoast_head":"<!-- This site is optimized with the Yoast SEO plugin v27.4 - https:\/\/yoast.com\/product\/yoast-seo-wordpress\/ -->\n<title>Trainingsseminar Tastenw\u00f6lfe der HStJ - BJCKM<\/title>\n<meta name=\"robots\" content=\"index, follow, max-snippet:-1, max-image-preview:large, max-video-preview:-1\" \/>\n<link rel=\"canonical\" href=\"https:\/\/www.bjckm.de\/index.php\/tastenwoelfe2020\/\" \/>\n<meta property=\"og:locale\" content=\"de_DE\" \/>\n<meta property=\"og:type\" content=\"article\" \/>\n<meta property=\"og:title\" content=\"Trainingsseminar Tastenw\u00f6lfe der HStJ - BJCKM\" \/>\n<meta property=\"og:description\" content=\"Die Hessische Stenografenjugend bietet wieder das beliebete Tastschreibtrainingsseminar &#8222;Tastenw\u00f6lfe&#8220; an. Das Seminar richtet sich an alle ab 15 Jahren, die ihre Schreibleistung steigern und neue Trainingsmethoden kennenlernen wollen. Das Seminar findet vom 18. bis 20. September 2020 in der Jugendherberge B\u00fcdingen statt.\" \/>\n<meta property=\"og:url\" content=\"https:\/\/www.bjckm.de\/index.php\/tastenwoelfe2020\/\" \/>\n<meta property=\"og:site_name\" content=\"BJCKM\" \/>\n<meta property=\"article:publisher\" content=\"https:\/\/www.facebook.com\/bjckm\" \/>\n<meta property=\"article:published_time\" content=\"2020-07-21T23:43:43+00:00\" \/>\n<meta property=\"og:image\" content=\"https:\/\/www.bjckm.de\/wp-content\/uploads\/2019\/10\/2019_HStJ_Seminar_3-1024x632.jpg\" \/>\n\t<meta property=\"og:image:width\" content=\"1024\" \/>\n\t<meta property=\"og:image:height\" content=\"632\" \/>\n\t<meta property=\"og:image:type\" content=\"image\/jpeg\" \/>\n<meta name=\"author\" content=\"Roman Hoos\" \/>\n<meta name=\"twitter:card\" content=\"summary_large_image\" \/>\n<meta name=\"twitter:creator\" content=\"@bjckm_steno\" \/>\n<meta name=\"twitter:site\" content=\"@bjckm_steno\" \/>\n<meta name=\"twitter:label1\" content=\"Verfasst von\" \/>\n\t<meta name=\"twitter:data1\" content=\"Roman Hoos\" \/>\n\t<meta name=\"twitter:label2\" content=\"Gesch\u00e4tzte Lesezeit\" \/>\n\t<meta name=\"twitter:data2\" content=\"1\u00a0Minute\" \/>\n<script type=\"application\/ld+json\" class=\"yoast-schema-graph\">{\"@context\":\"https:\\\/\\\/schema.org\",\"@graph\":[{\"@type\":\"Article\",\"@id\":\"https:\\\/\\\/www.bjckm.de\\\/index.php\\\/tastenwoelfe2020\\\/#article\",\"isPartOf\":{\"@id\":\"https:\\\/\\\/www.bjckm.de\\\/index.php\\\/tastenwoelfe2020\\\/\"},\"author\":{\"name\":\"Roman Hoos\",\"@id\":\"https:\\\/\\\/www.bjckm.de\\\/#\\\/schema\\\/person\\\/b68002e8544802f1315876d3fa1d060d\"},\"headline\":\"Trainingsseminar Tastenw\u00f6lfe der HStJ\",\"datePublished\":\"2020-07-21T23:43:43+00:00\",\"mainEntityOfPage\":{\"@id\":\"https:\\\/\\\/www.bjckm.de\\\/index.php\\\/tastenwoelfe2020\\\/\"},\"wordCount\":145,\"publisher\":{\"@id\":\"https:\\\/\\\/www.bjckm.de\\\/#organization\"},\"image\":{\"@id\":\"https:\\\/\\\/www.bjckm.de\\\/index.php\\\/tastenwoelfe2020\\\/#primaryimage\"},\"thumbnailUrl\":\"https:\\\/\\\/www.bjckm.de\\\/wp-content\\\/uploads\\\/2019\\\/10\\\/2019_HStJ_Seminar_3-1024x632.jpg\",\"inLanguage\":\"de\"},{\"@type\":\"WebPage\",\"@id\":\"https:\\\/\\\/www.bjckm.de\\\/index.php\\\/tastenwoelfe2020\\\/\",\"url\":\"https:\\\/\\\/www.bjckm.de\\\/index.php\\\/tastenwoelfe2020\\\/\",\"name\":\"Trainingsseminar Tastenw\u00f6lfe der HStJ - BJCKM\",\"isPartOf\":{\"@id\":\"https:\\\/\\\/www.bjckm.de\\\/#website\"},\"primaryImageOfPage\":{\"@id\":\"https:\\\/\\\/www.bjckm.de\\\/index.php\\\/tastenwoelfe2020\\\/#primaryimage\"},\"image\":{\"@id\":\"https:\\\/\\\/www.bjckm.de\\\/index.php\\\/tastenwoelfe2020\\\/#primaryimage\"},\"thumbnailUrl\":\"https:\\\/\\\/www.bjckm.de\\\/wp-content\\\/uploads\\\/2019\\\/10\\\/2019_HStJ_Seminar_3-1024x632.jpg\",\"datePublished\":\"2020-07-21T23:43:43+00:00\",\"breadcrumb\":{\"@id\":\"https:\\\/\\\/www.bjckm.de\\\/index.php\\\/tastenwoelfe2020\\\/#breadcrumb\"},\"inLanguage\":\"de\",\"potentialAction\":[{\"@type\":\"ReadAction\",\"target\":[\"https:\\\/\\\/www.bjckm.de\\\/index.php\\\/tastenwoelfe2020\\\/\"]}]},{\"@type\":\"ImageObject\",\"inLanguage\":\"de\",\"@id\":\"https:\\\/\\\/www.bjckm.de\\\/index.php\\\/tastenwoelfe2020\\\/#primaryimage\",\"url\":\"https:\\\/\\\/www.bjckm.de\\\/wp-content\\\/uploads\\\/2019\\\/10\\\/2019_HStJ_Seminar_3-1024x632.jpg\",\"contentUrl\":\"https:\\\/\\\/www.bjckm.de\\\/wp-content\\\/uploads\\\/2019\\\/10\\\/2019_HStJ_Seminar_3-1024x632.jpg\",\"width\":1024,\"height\":632,\"caption\":\"Tastschreibseminar der Hessischen Stenografenjugend\"},{\"@type\":\"BreadcrumbList\",\"@id\":\"https:\\\/\\\/www.bjckm.de\\\/index.php\\\/tastenwoelfe2020\\\/#breadcrumb\",\"itemListElement\":[{\"@type\":\"ListItem\",\"position\":1,\"name\":\"Startseite\",\"item\":\"https:\\\/\\\/www.bjckm.de\\\/\"},{\"@type\":\"ListItem\",\"position\":2,\"name\":\"Trainingsseminar Tastenw\u00f6lfe der HStJ\"}]},{\"@type\":\"WebSite\",\"@id\":\"https:\\\/\\\/www.bjckm.de\\\/#website\",\"url\":\"https:\\\/\\\/www.bjckm.de\\\/\",\"name\":\"BJCKM\",\"description\":\"Bundesjugend f\u00fcr Computer, Kurzschrift und Medien\",\"publisher\":{\"@id\":\"https:\\\/\\\/www.bjckm.de\\\/#organization\"},\"potentialAction\":[{\"@type\":\"SearchAction\",\"target\":{\"@type\":\"EntryPoint\",\"urlTemplate\":\"https:\\\/\\\/www.bjckm.de\\\/?s={search_term_string}\"},\"query-input\":{\"@type\":\"PropertyValueSpecification\",\"valueRequired\":true,\"valueName\":\"search_term_string\"}}],\"inLanguage\":\"de\"},{\"@type\":\"Organization\",\"@id\":\"https:\\\/\\\/www.bjckm.de\\\/#organization\",\"name\":\"Bundesjugend f\u00fcr Computer, Kurzschrift und Medien\",\"url\":\"https:\\\/\\\/www.bjckm.de\\\/\",\"logo\":{\"@type\":\"ImageObject\",\"inLanguage\":\"de\",\"@id\":\"https:\\\/\\\/www.bjckm.de\\\/#\\\/schema\\\/logo\\\/image\\\/\",\"url\":\"https:\\\/\\\/www.bjckm.de\\\/wp-content\\\/uploads\\\/2019\\\/10\\\/cropped-logo_bjckm_farbe_text_12000x3375-e1571842379885.png\",\"contentUrl\":\"https:\\\/\\\/www.bjckm.de\\\/wp-content\\\/uploads\\\/2019\\\/10\\\/cropped-logo_bjckm_farbe_text_12000x3375-e1571842379885.png\",\"width\":583,\"height\":115,\"caption\":\"Bundesjugend f\u00fcr Computer, Kurzschrift und Medien\"},\"image\":{\"@id\":\"https:\\\/\\\/www.bjckm.de\\\/#\\\/schema\\\/logo\\\/image\\\/\"},\"sameAs\":[\"https:\\\/\\\/www.facebook.com\\\/bjckm\",\"https:\\\/\\\/x.com\\\/bjckm_steno\",\"https:\\\/\\\/www.instagram.com\\\/bjckm19\"]},{\"@type\":\"Person\",\"@id\":\"https:\\\/\\\/www.bjckm.de\\\/#\\\/schema\\\/person\\\/b68002e8544802f1315876d3fa1d060d\",\"name\":\"Roman Hoos\",\"image\":{\"@type\":\"ImageObject\",\"inLanguage\":\"de\",\"@id\":\"https:\\\/\\\/secure.gravatar.com\\\/avatar\\\/75ad1c3a9d25ea176b8b64a87458efe6db5a831a9b5816bfede5a151bb2cdbdc?s=96&d=mm&r=g\",\"url\":\"https:\\\/\\\/secure.gravatar.com\\\/avatar\\\/75ad1c3a9d25ea176b8b64a87458efe6db5a831a9b5816bfede5a151bb2cdbdc?s=96&d=mm&r=g\",\"contentUrl\":\"https:\\\/\\\/secure.gravatar.com\\\/avatar\\\/75ad1c3a9d25ea176b8b64a87458efe6db5a831a9b5816bfede5a151bb2cdbdc?s=96&d=mm&r=g\",\"caption\":\"Roman Hoos\"},\"url\":\"https:\\\/\\\/www.bjckm.de\\\/index.php\\\/author\\\/roman\\\/\"}]}<\/script>\n<!-- \/ Yoast SEO plugin. -->","yoast_head_json":{"title":"Trainingsseminar Tastenw\u00f6lfe der HStJ - BJCKM","robots":{"index":"index","follow":"follow","max-snippet":"max-snippet:-1","max-image-preview":"max-image-preview:large","max-video-preview":"max-video-preview:-1"},"canonical":"https:\/\/www.bjckm.de\/index.php\/tastenwoelfe2020\/","og_locale":"de_DE","og_type":"article","og_title":"Trainingsseminar Tastenw\u00f6lfe der HStJ - BJCKM","og_description":"Die Hessische Stenografenjugend bietet wieder das beliebete Tastschreibtrainingsseminar &#8222;Tastenw\u00f6lfe&#8220; an. Das Seminar richtet sich an alle ab 15 Jahren, die ihre Schreibleistung steigern und neue Trainingsmethoden kennenlernen wollen. Das Seminar findet vom 18. bis 20. September 2020 in der Jugendherberge B\u00fcdingen statt.","og_url":"https:\/\/www.bjckm.de\/index.php\/tastenwoelfe2020\/","og_site_name":"BJCKM","article_publisher":"https:\/\/www.facebook.com\/bjckm","article_published_time":"2020-07-21T23:43:43+00:00","og_image":[{"width":1024,"height":632,"url":"https:\/\/www.bjckm.de\/wp-content\/uploads\/2019\/10\/2019_HStJ_Seminar_3-1024x632.jpg","type":"image\/jpeg"}],"author":"Roman Hoos","twitter_card":"summary_large_image","twitter_creator":"@bjckm_steno","twitter_site":"@bjckm_steno","twitter_misc":{"Verfasst von":"Roman Hoos","Gesch\u00e4tzte Lesezeit":"1\u00a0Minute"},"schema":{"@context":"https:\/\/schema.org","@graph":[{"@type":"Article","@id":"https:\/\/www.bjckm.de\/index.php\/tastenwoelfe2020\/#article","isPartOf":{"@id":"https:\/\/www.bjckm.de\/index.php\/tastenwoelfe2020\/"},"author":{"name":"Roman Hoos","@id":"https:\/\/www.bjckm.de\/#\/schema\/person\/b68002e8544802f1315876d3fa1d060d"},"headline":"Trainingsseminar Tastenw\u00f6lfe der HStJ","datePublished":"2020-07-21T23:43:43+00:00","mainEntityOfPage":{"@id":"https:\/\/www.bjckm.de\/index.php\/tastenwoelfe2020\/"},"wordCount":145,"publisher":{"@id":"https:\/\/www.bjckm.de\/#organization"},"image":{"@id":"https:\/\/www.bjckm.de\/index.php\/tastenwoelfe2020\/#primaryimage"},"thumbnailUrl":"https:\/\/www.bjckm.de\/wp-content\/uploads\/2019\/10\/2019_HStJ_Seminar_3-1024x632.jpg","inLanguage":"de"},{"@type":"WebPage","@id":"https:\/\/www.bjckm.de\/index.php\/tastenwoelfe2020\/","url":"https:\/\/www.bjckm.de\/index.php\/tastenwoelfe2020\/","name":"Trainingsseminar Tastenw\u00f6lfe der HStJ - BJCKM","isPartOf":{"@id":"https:\/\/www.bjckm.de\/#website"},"primaryImageOfPage":{"@id":"https:\/\/www.bjckm.de\/index.php\/tastenwoelfe2020\/#primaryimage"},"image":{"@id":"https:\/\/www.bjckm.de\/index.php\/tastenwoelfe2020\/#primaryimage"},"thumbnailUrl":"https:\/\/www.bjckm.de\/wp-content\/uploads\/2019\/10\/2019_HStJ_Seminar_3-1024x632.jpg","datePublished":"2020-07-21T23:43:43+00:00","breadcrumb":{"@id":"https:\/\/www.bjckm.de\/index.php\/tastenwoelfe2020\/#breadcrumb"},"inLanguage":"de","potentialAction":[{"@type":"ReadAction","target":["https:\/\/www.bjckm.de\/index.php\/tastenwoelfe2020\/"]}]},{"@type":"ImageObject","inLanguage":"de","@id":"https:\/\/www.bjckm.de\/index.php\/tastenwoelfe2020\/#primaryimage","url":"https:\/\/www.bjckm.de\/wp-content\/uploads\/2019\/10\/2019_HStJ_Seminar_3-1024x632.jpg","contentUrl":"https:\/\/www.bjckm.de\/wp-content\/uploads\/2019\/10\/2019_HStJ_Seminar_3-1024x632.jpg","width":1024,"height":632,"caption":"Tastschreibseminar der Hessischen Stenografenjugend"},{"@type":"BreadcrumbList","@id":"https:\/\/www.bjckm.de\/index.php\/tastenwoelfe2020\/#breadcrumb","itemListElement":[{"@type":"ListItem","position":1,"name":"Startseite","item":"https:\/\/www.bjckm.de\/"},{"@type":"ListItem","position":2,"name":"Trainingsseminar Tastenw\u00f6lfe der HStJ"}]},{"@type":"WebSite","@id":"https:\/\/www.bjckm.de\/#website","url":"https:\/\/www.bjckm.de\/","name":"BJCKM","description":"Bundesjugend f\u00fcr Computer, Kurzschrift und Medien","publisher":{"@id":"https:\/\/www.bjckm.de\/#organization"},"potentialAction":[{"@type":"SearchAction","target":{"@type":"EntryPoint","urlTemplate":"https:\/\/www.bjckm.de\/?s={search_term_string}"},"query-input":{"@type":"PropertyValueSpecification","valueRequired":true,"valueName":"search_term_string"}}],"inLanguage":"de"},{"@type":"Organization","@id":"https:\/\/www.bjckm.de\/#organization","name":"Bundesjugend f\u00fcr Computer, Kurzschrift und Medien","url":"https:\/\/www.bjckm.de\/","logo":{"@type":"ImageObject","inLanguage":"de","@id":"https:\/\/www.bjckm.de\/#\/schema\/logo\/image\/","url":"https:\/\/www.bjckm.de\/wp-content\/uploads\/2019\/10\/cropped-logo_bjckm_farbe_text_12000x3375-e1571842379885.png","contentUrl":"https:\/\/www.bjckm.de\/wp-content\/uploads\/2019\/10\/cropped-logo_bjckm_farbe_text_12000x3375-e1571842379885.png","width":583,"height":115,"caption":"Bundesjugend f\u00fcr Computer, Kurzschrift und Medien"},"image":{"@id":"https:\/\/www.bjckm.de\/#\/schema\/logo\/image\/"},"sameAs":["https:\/\/www.facebook.com\/bjckm","https:\/\/x.com\/bjckm_steno","https:\/\/www.instagram.com\/bjckm19"]},{"@type":"Person","@id":"https:\/\/www.bjckm.de\/#\/schema\/person\/b68002e8544802f1315876d3fa1d060d","name":"Roman Hoos","image":{"@type":"ImageObject","inLanguage":"de","@id":"https:\/\/secure.gravatar.com\/avatar\/75ad1c3a9d25ea176b8b64a87458efe6db5a831a9b5816bfede5a151bb2cdbdc?s=96&d=mm&r=g","url":"https:\/\/secure.gravatar.com\/avatar\/75ad1c3a9d25ea176b8b64a87458efe6db5a831a9b5816bfede5a151bb2cdbdc?s=96&d=mm&r=g","contentUrl":"https:\/\/secure.gravatar.com\/avatar\/75ad1c3a9d25ea176b8b64a87458efe6db5a831a9b5816bfede5a151bb2cdbdc?s=96&d=mm&r=g","caption":"Roman Hoos"},"url":"https:\/\/www.bjckm.de\/index.php\/author\/roman\/"}]}},"_links":{"self":[{"href":"https:\/\/www.bjckm.de\/index.php\/wp-json\/wp\/v2\/posts\/859","targetHints":{"allow":["GET"]}}],"collection":[{"href":"https:\/\/www.bjckm.de\/index.php\/wp-json\/wp\/v2\/posts"}],"about":[{"href":"https:\/\/www.bjckm.de\/index.php\/wp-json\/wp\/v2\/types\/post"}],"author":[{"embeddable":true,"href":"https:\/\/www.bjckm.de\/index.php\/wp-json\/wp\/v2\/users\/2"}],"replies":[{"embeddable":true,"href":"https:\/\/www.bjckm.de\/index.php\/wp-json\/wp\/v2\/comments?post=859"}],"version-history":[{"count":11,"href":"https:\/\/www.bjckm.de\/index.php\/wp-json\/wp\/v2\/posts\/859\/revisions"}],"predecessor-version":[{"id":871,"href":"https:\/\/www.bjckm.de\/index.php\/wp-json\/wp\/v2\/posts\/859\/revisions\/871"}],"wp:featuredmedia":[{"embeddable":true,"href":"https:\/\/www.bjckm.de\/index.php\/wp-json\/wp\/v2\/media\/474"}],"wp:attachment":[{"href":"https:\/\/www.bjckm.de\/index.php\/wp-json\/wp\/v2\/media?parent=859"}],"wp:term":[{"taxonomy":"category","embeddable":true,"href":"https:\/\/www.bjckm.de\/index.php\/wp-json\/wp\/v2\/categories?post=859"},{"taxonomy":"post_tag","embeddable":true,"href":"https:\/\/www.bjckm.de\/index.php\/wp-json\/wp\/v2\/tags?post=859"}],"curies":[{"name":"wp","href":"https:\/\/api.w.org\/{rel}","templated":true}]}}