{"id":931,"date":"2020-10-23T17:49:51","date_gmt":"2020-10-23T15:49:51","guid":{"rendered":"https:\/\/www.bjckm.de\/?p=931"},"modified":"2020-10-23T17:52:00","modified_gmt":"2020-10-23T15:52:00","slug":"herbsttreffen-abgesagt","status":"publish","type":"post","link":"https:\/\/www.bjckm.de\/index.php\/herbsttreffen-abgesagt\/","title":{"rendered":"Herbsttreffen abgesagt"},"content":{"rendered":"<p>Aufgrund der aktuell rasant steigenden Corona-Infektionszahlen haben wir uns entschieden, das f\u00fcr den 31. Oktober\/1. November in Dortmund geplante Herbsttreffen <strong>nicht durchzuf\u00fchren<\/strong>.<\/p>\n<p>Stattdessen werden wir am <strong>Sonntag, dem 1. November 2020, ein &#8222;Online-Herbsttreffen&#8220;<\/strong> anbieten, bei dem wir \u00fcber anstehende Themen und die Planung des n\u00e4chsten Jahres sprechen k\u00f6nnen. Weitere Informationen dazu in K\u00fcrze!<\/p>\n","protected":false},"excerpt":{"rendered":"<p>Aufgrund der aktuell rasant steigenden Corona-Infektionszahlen haben wir uns entschieden, das f\u00fcr den 31. Oktober\/1. November in Dortmund geplante Herbsttreffen nicht durchzuf\u00fchren. Stattdessen werden wir am Sonntag, dem 1. November 2020, ein &#8222;Online-Herbsttreffen&#8220; anbieten, bei dem wir \u00fcber anstehende Themen und die Planung des n\u00e4chsten Jahres sprechen k\u00f6nnen. Weitere Informationen dazu in K\u00fcrze!<\/p>\n","protected":false},"author":2,"featured_media":0,"comment_status":"closed","ping_status":"closed","sticky":false,"template":"","format":"standard","meta":{"footnotes":""},"categories":[1],"tags":[],"class_list":["post-931","post","type-post","status-publish","format-standard","hentry","category-allgemein","","tg-column-two"],"yoast_head":"<!-- This site is optimized with the Yoast SEO plugin v27.4 - https:\/\/yoast.com\/product\/yoast-seo-wordpress\/ -->\n<title>Herbsttreffen abgesagt - BJCKM<\/title>\n<meta name=\"robots\" content=\"index, follow, max-snippet:-1, max-image-preview:large, max-video-preview:-1\" \/>\n<link rel=\"canonical\" href=\"https:\/\/www.bjckm.de\/index.php\/herbsttreffen-abgesagt\/\" \/>\n<meta property=\"og:locale\" content=\"de_DE\" \/>\n<meta property=\"og:type\" content=\"article\" \/>\n<meta property=\"og:title\" content=\"Herbsttreffen abgesagt - BJCKM\" \/>\n<meta property=\"og:description\" content=\"Aufgrund der aktuell rasant steigenden Corona-Infektionszahlen haben wir uns entschieden, das f\u00fcr den 31. Oktober\/1. November in Dortmund geplante Herbsttreffen nicht durchzuf\u00fchren. Stattdessen werden wir am Sonntag, dem 1. November 2020, ein &#8222;Online-Herbsttreffen&#8220; anbieten, bei dem wir \u00fcber anstehende Themen und die Planung des n\u00e4chsten Jahres sprechen k\u00f6nnen. Weitere Informationen dazu in K\u00fcrze!\" \/>\n<meta property=\"og:url\" content=\"https:\/\/www.bjckm.de\/index.php\/herbsttreffen-abgesagt\/\" \/>\n<meta property=\"og:site_name\" content=\"BJCKM\" \/>\n<meta property=\"article:publisher\" content=\"https:\/\/www.facebook.com\/bjckm\" \/>\n<meta property=\"article:published_time\" content=\"2020-10-23T15:49:51+00:00\" \/>\n<meta property=\"article:modified_time\" content=\"2020-10-23T15:52:00+00:00\" \/>\n<meta name=\"author\" content=\"Roman Hoos\" \/>\n<meta name=\"twitter:card\" content=\"summary_large_image\" \/>\n<meta name=\"twitter:creator\" content=\"@bjckm_steno\" \/>\n<meta name=\"twitter:site\" content=\"@bjckm_steno\" \/>\n<meta name=\"twitter:label1\" content=\"Verfasst von\" \/>\n\t<meta name=\"twitter:data1\" content=\"Roman Hoos\" \/>\n<script type=\"application\/ld+json\" class=\"yoast-schema-graph\">{\"@context\":\"https:\\\/\\\/schema.org\",\"@graph\":[{\"@type\":\"Article\",\"@id\":\"https:\\\/\\\/www.bjckm.de\\\/index.php\\\/herbsttreffen-abgesagt\\\/#article\",\"isPartOf\":{\"@id\":\"https:\\\/\\\/www.bjckm.de\\\/index.php\\\/herbsttreffen-abgesagt\\\/\"},\"author\":{\"name\":\"Roman Hoos\",\"@id\":\"https:\\\/\\\/www.bjckm.de\\\/#\\\/schema\\\/person\\\/b68002e8544802f1315876d3fa1d060d\"},\"headline\":\"Herbsttreffen abgesagt\",\"datePublished\":\"2020-10-23T15:49:51+00:00\",\"dateModified\":\"2020-10-23T15:52:00+00:00\",\"mainEntityOfPage\":{\"@id\":\"https:\\\/\\\/www.bjckm.de\\\/index.php\\\/herbsttreffen-abgesagt\\\/\"},\"wordCount\":57,\"publisher\":{\"@id\":\"https:\\\/\\\/www.bjckm.de\\\/#organization\"},\"inLanguage\":\"de\"},{\"@type\":\"WebPage\",\"@id\":\"https:\\\/\\\/www.bjckm.de\\\/index.php\\\/herbsttreffen-abgesagt\\\/\",\"url\":\"https:\\\/\\\/www.bjckm.de\\\/index.php\\\/herbsttreffen-abgesagt\\\/\",\"name\":\"Herbsttreffen abgesagt - BJCKM\",\"isPartOf\":{\"@id\":\"https:\\\/\\\/www.bjckm.de\\\/#website\"},\"datePublished\":\"2020-10-23T15:49:51+00:00\",\"dateModified\":\"2020-10-23T15:52:00+00:00\",\"breadcrumb\":{\"@id\":\"https:\\\/\\\/www.bjckm.de\\\/index.php\\\/herbsttreffen-abgesagt\\\/#breadcrumb\"},\"inLanguage\":\"de\",\"potentialAction\":[{\"@type\":\"ReadAction\",\"target\":[\"https:\\\/\\\/www.bjckm.de\\\/index.php\\\/herbsttreffen-abgesagt\\\/\"]}]},{\"@type\":\"BreadcrumbList\",\"@id\":\"https:\\\/\\\/www.bjckm.de\\\/index.php\\\/herbsttreffen-abgesagt\\\/#breadcrumb\",\"itemListElement\":[{\"@type\":\"ListItem\",\"position\":1,\"name\":\"Startseite\",\"item\":\"https:\\\/\\\/www.bjckm.de\\\/\"},{\"@type\":\"ListItem\",\"position\":2,\"name\":\"Herbsttreffen abgesagt\"}]},{\"@type\":\"WebSite\",\"@id\":\"https:\\\/\\\/www.bjckm.de\\\/#website\",\"url\":\"https:\\\/\\\/www.bjckm.de\\\/\",\"name\":\"BJCKM\",\"description\":\"Bundesjugend f\u00fcr Computer, Kurzschrift und Medien\",\"publisher\":{\"@id\":\"https:\\\/\\\/www.bjckm.de\\\/#organization\"},\"potentialAction\":[{\"@type\":\"SearchAction\",\"target\":{\"@type\":\"EntryPoint\",\"urlTemplate\":\"https:\\\/\\\/www.bjckm.de\\\/?s={search_term_string}\"},\"query-input\":{\"@type\":\"PropertyValueSpecification\",\"valueRequired\":true,\"valueName\":\"search_term_string\"}}],\"inLanguage\":\"de\"},{\"@type\":\"Organization\",\"@id\":\"https:\\\/\\\/www.bjckm.de\\\/#organization\",\"name\":\"Bundesjugend f\u00fcr Computer, Kurzschrift und Medien\",\"url\":\"https:\\\/\\\/www.bjckm.de\\\/\",\"logo\":{\"@type\":\"ImageObject\",\"inLanguage\":\"de\",\"@id\":\"https:\\\/\\\/www.bjckm.de\\\/#\\\/schema\\\/logo\\\/image\\\/\",\"url\":\"https:\\\/\\\/www.bjckm.de\\\/wp-content\\\/uploads\\\/2019\\\/10\\\/cropped-logo_bjckm_farbe_text_12000x3375-e1571842379885.png\",\"contentUrl\":\"https:\\\/\\\/www.bjckm.de\\\/wp-content\\\/uploads\\\/2019\\\/10\\\/cropped-logo_bjckm_farbe_text_12000x3375-e1571842379885.png\",\"width\":583,\"height\":115,\"caption\":\"Bundesjugend f\u00fcr Computer, Kurzschrift und Medien\"},\"image\":{\"@id\":\"https:\\\/\\\/www.bjckm.de\\\/#\\\/schema\\\/logo\\\/image\\\/\"},\"sameAs\":[\"https:\\\/\\\/www.facebook.com\\\/bjckm\",\"https:\\\/\\\/x.com\\\/bjckm_steno\",\"https:\\\/\\\/www.instagram.com\\\/bjckm19\"]},{\"@type\":\"Person\",\"@id\":\"https:\\\/\\\/www.bjckm.de\\\/#\\\/schema\\\/person\\\/b68002e8544802f1315876d3fa1d060d\",\"name\":\"Roman Hoos\",\"image\":{\"@type\":\"ImageObject\",\"inLanguage\":\"de\",\"@id\":\"https:\\\/\\\/secure.gravatar.com\\\/avatar\\\/75ad1c3a9d25ea176b8b64a87458efe6db5a831a9b5816bfede5a151bb2cdbdc?s=96&d=mm&r=g\",\"url\":\"https:\\\/\\\/secure.gravatar.com\\\/avatar\\\/75ad1c3a9d25ea176b8b64a87458efe6db5a831a9b5816bfede5a151bb2cdbdc?s=96&d=mm&r=g\",\"contentUrl\":\"https:\\\/\\\/secure.gravatar.com\\\/avatar\\\/75ad1c3a9d25ea176b8b64a87458efe6db5a831a9b5816bfede5a151bb2cdbdc?s=96&d=mm&r=g\",\"caption\":\"Roman Hoos\"},\"url\":\"https:\\\/\\\/www.bjckm.de\\\/index.php\\\/author\\\/roman\\\/\"}]}<\/script>\n<!-- \/ Yoast SEO plugin. -->","yoast_head_json":{"title":"Herbsttreffen abgesagt - BJCKM","robots":{"index":"index","follow":"follow","max-snippet":"max-snippet:-1","max-image-preview":"max-image-preview:large","max-video-preview":"max-video-preview:-1"},"canonical":"https:\/\/www.bjckm.de\/index.php\/herbsttreffen-abgesagt\/","og_locale":"de_DE","og_type":"article","og_title":"Herbsttreffen abgesagt - BJCKM","og_description":"Aufgrund der aktuell rasant steigenden Corona-Infektionszahlen haben wir uns entschieden, das f\u00fcr den 31. Oktober\/1. November in Dortmund geplante Herbsttreffen nicht durchzuf\u00fchren. Stattdessen werden wir am Sonntag, dem 1. November 2020, ein &#8222;Online-Herbsttreffen&#8220; anbieten, bei dem wir \u00fcber anstehende Themen und die Planung des n\u00e4chsten Jahres sprechen k\u00f6nnen. Weitere Informationen dazu in K\u00fcrze!","og_url":"https:\/\/www.bjckm.de\/index.php\/herbsttreffen-abgesagt\/","og_site_name":"BJCKM","article_publisher":"https:\/\/www.facebook.com\/bjckm","article_published_time":"2020-10-23T15:49:51+00:00","article_modified_time":"2020-10-23T15:52:00+00:00","author":"Roman Hoos","twitter_card":"summary_large_image","twitter_creator":"@bjckm_steno","twitter_site":"@bjckm_steno","twitter_misc":{"Verfasst von":"Roman Hoos"},"schema":{"@context":"https:\/\/schema.org","@graph":[{"@type":"Article","@id":"https:\/\/www.bjckm.de\/index.php\/herbsttreffen-abgesagt\/#article","isPartOf":{"@id":"https:\/\/www.bjckm.de\/index.php\/herbsttreffen-abgesagt\/"},"author":{"name":"Roman Hoos","@id":"https:\/\/www.bjckm.de\/#\/schema\/person\/b68002e8544802f1315876d3fa1d060d"},"headline":"Herbsttreffen abgesagt","datePublished":"2020-10-23T15:49:51+00:00","dateModified":"2020-10-23T15:52:00+00:00","mainEntityOfPage":{"@id":"https:\/\/www.bjckm.de\/index.php\/herbsttreffen-abgesagt\/"},"wordCount":57,"publisher":{"@id":"https:\/\/www.bjckm.de\/#organization"},"inLanguage":"de"},{"@type":"WebPage","@id":"https:\/\/www.bjckm.de\/index.php\/herbsttreffen-abgesagt\/","url":"https:\/\/www.bjckm.de\/index.php\/herbsttreffen-abgesagt\/","name":"Herbsttreffen abgesagt - BJCKM","isPartOf":{"@id":"https:\/\/www.bjckm.de\/#website"},"datePublished":"2020-10-23T15:49:51+00:00","dateModified":"2020-10-23T15:52:00+00:00","breadcrumb":{"@id":"https:\/\/www.bjckm.de\/index.php\/herbsttreffen-abgesagt\/#breadcrumb"},"inLanguage":"de","potentialAction":[{"@type":"ReadAction","target":["https:\/\/www.bjckm.de\/index.php\/herbsttreffen-abgesagt\/"]}]},{"@type":"BreadcrumbList","@id":"https:\/\/www.bjckm.de\/index.php\/herbsttreffen-abgesagt\/#breadcrumb","itemListElement":[{"@type":"ListItem","position":1,"name":"Startseite","item":"https:\/\/www.bjckm.de\/"},{"@type":"ListItem","position":2,"name":"Herbsttreffen abgesagt"}]},{"@type":"WebSite","@id":"https:\/\/www.bjckm.de\/#website","url":"https:\/\/www.bjckm.de\/","name":"BJCKM","description":"Bundesjugend f\u00fcr Computer, Kurzschrift und Medien","publisher":{"@id":"https:\/\/www.bjckm.de\/#organization"},"potentialAction":[{"@type":"SearchAction","target":{"@type":"EntryPoint","urlTemplate":"https:\/\/www.bjckm.de\/?s={search_term_string}"},"query-input":{"@type":"PropertyValueSpecification","valueRequired":true,"valueName":"search_term_string"}}],"inLanguage":"de"},{"@type":"Organization","@id":"https:\/\/www.bjckm.de\/#organization","name":"Bundesjugend f\u00fcr Computer, Kurzschrift und Medien","url":"https:\/\/www.bjckm.de\/","logo":{"@type":"ImageObject","inLanguage":"de","@id":"https:\/\/www.bjckm.de\/#\/schema\/logo\/image\/","url":"https:\/\/www.bjckm.de\/wp-content\/uploads\/2019\/10\/cropped-logo_bjckm_farbe_text_12000x3375-e1571842379885.png","contentUrl":"https:\/\/www.bjckm.de\/wp-content\/uploads\/2019\/10\/cropped-logo_bjckm_farbe_text_12000x3375-e1571842379885.png","width":583,"height":115,"caption":"Bundesjugend f\u00fcr Computer, Kurzschrift und Medien"},"image":{"@id":"https:\/\/www.bjckm.de\/#\/schema\/logo\/image\/"},"sameAs":["https:\/\/www.facebook.com\/bjckm","https:\/\/x.com\/bjckm_steno","https:\/\/www.instagram.com\/bjckm19"]},{"@type":"Person","@id":"https:\/\/www.bjckm.de\/#\/schema\/person\/b68002e8544802f1315876d3fa1d060d","name":"Roman Hoos","image":{"@type":"ImageObject","inLanguage":"de","@id":"https:\/\/secure.gravatar.com\/avatar\/75ad1c3a9d25ea176b8b64a87458efe6db5a831a9b5816bfede5a151bb2cdbdc?s=96&d=mm&r=g","url":"https:\/\/secure.gravatar.com\/avatar\/75ad1c3a9d25ea176b8b64a87458efe6db5a831a9b5816bfede5a151bb2cdbdc?s=96&d=mm&r=g","contentUrl":"https:\/\/secure.gravatar.com\/avatar\/75ad1c3a9d25ea176b8b64a87458efe6db5a831a9b5816bfede5a151bb2cdbdc?s=96&d=mm&r=g","caption":"Roman Hoos"},"url":"https:\/\/www.bjckm.de\/index.php\/author\/roman\/"}]}},"_links":{"self":[{"href":"https:\/\/www.bjckm.de\/index.php\/wp-json\/wp\/v2\/posts\/931","targetHints":{"allow":["GET"]}}],"collection":[{"href":"https:\/\/www.bjckm.de\/index.php\/wp-json\/wp\/v2\/posts"}],"about":[{"href":"https:\/\/www.bjckm.de\/index.php\/wp-json\/wp\/v2\/types\/post"}],"author":[{"embeddable":true,"href":"https:\/\/www.bjckm.de\/index.php\/wp-json\/wp\/v2\/users\/2"}],"replies":[{"embeddable":true,"href":"https:\/\/www.bjckm.de\/index.php\/wp-json\/wp\/v2\/comments?post=931"}],"version-history":[{"count":7,"href":"https:\/\/www.bjckm.de\/index.php\/wp-json\/wp\/v2\/posts\/931\/revisions"}],"predecessor-version":[{"id":938,"href":"https:\/\/www.bjckm.de\/index.php\/wp-json\/wp\/v2\/posts\/931\/revisions\/938"}],"wp:attachment":[{"href":"https:\/\/www.bjckm.de\/index.php\/wp-json\/wp\/v2\/media?parent=931"}],"wp:term":[{"taxonomy":"category","embeddable":true,"href":"https:\/\/www.bjckm.de\/index.php\/wp-json\/wp\/v2\/categories?post=931"},{"taxonomy":"post_tag","embeddable":true,"href":"https:\/\/www.bjckm.de\/index.php\/wp-json\/wp\/v2\/tags?post=931"}],"curies":[{"name":"wp","href":"https:\/\/api.w.org\/{rel}","templated":true}]}}