{"id":941,"date":"2020-10-26T15:42:21","date_gmt":"2020-10-26T14:42:21","guid":{"rendered":"https:\/\/www.bjckm.de\/?p=941"},"modified":"2020-10-26T16:36:21","modified_gmt":"2020-10-26T15:36:21","slug":"herbsttreffen-digital","status":"publish","type":"post","link":"https:\/\/www.bjckm.de\/index.php\/herbsttreffen-digital\/","title":{"rendered":"Herbsttreffen *digital*"},"content":{"rendered":"<p>Aufgrund der aktuellen Corona-Situation und der bereits geltenden Einschr\u00e4nkungen, sowie der am Mittwoch bei der vorgezogenen Ministerpr\u00e4sidentenkonferenz noch zu erwartenden weiteren Einschr\u00e4nkungen macht es keinen Sinn am Wochenende eine Pr\u00e4senzveranstaltung f\u00fcr das Herbsttreffen zu veranstalten. Daher ist das Herbsttreffen offiziell abgesagt! ?<\/p>\n<p><a href=\"https:\/\/www.bjckm.de\/wp-content\/uploads\/2020\/10\/2020_BJCKM_Herbsttreffen_digital.png\" target=\"_blank\" rel=\"noopener noreferrer\"><img loading=\"lazy\" decoding=\"async\" class=\"aligncenter wp-image-940 size-medium\" src=\"https:\/\/www.bjckm.de\/wp-content\/uploads\/2020\/10\/2020_BJCKM_Herbsttreffen_digital-300x300.png\" alt=\"\" width=\"300\" height=\"300\" srcset=\"https:\/\/www.bjckm.de\/wp-content\/uploads\/2020\/10\/2020_BJCKM_Herbsttreffen_digital-300x300.png 300w, https:\/\/www.bjckm.de\/wp-content\/uploads\/2020\/10\/2020_BJCKM_Herbsttreffen_digital-150x150.png 150w, https:\/\/www.bjckm.de\/wp-content\/uploads\/2020\/10\/2020_BJCKM_Herbsttreffen_digital-768x768.png 768w, https:\/\/www.bjckm.de\/wp-content\/uploads\/2020\/10\/2020_BJCKM_Herbsttreffen_digital-1024x1024.png 1024w, https:\/\/www.bjckm.de\/wp-content\/uploads\/2020\/10\/2020_BJCKM_Herbsttreffen_digital-1536x1536.png 1536w, https:\/\/www.bjckm.de\/wp-content\/uploads\/2020\/10\/2020_BJCKM_Herbsttreffen_digital-2048x2048.png 2048w, https:\/\/www.bjckm.de\/wp-content\/uploads\/2020\/10\/2020_BJCKM_Herbsttreffen_digital-230x230.png 230w, https:\/\/www.bjckm.de\/wp-content\/uploads\/2020\/10\/2020_BJCKM_Herbsttreffen_digital-365x365.png 365w\" sizes=\"auto, (max-width: 300px) 100vw, 300px\" \/><\/a><\/p>\n<p>Aber, wir werden uns am Sonntag trotzdem treffen! Am 1. November gibt es ab 10 Uhr das erste Herbsttreffen digital! Also, sei dabei und melde dich mit einer kurzen E-Mail (<a href=\"mailto:info@bjckm.de\">info@bjckm.de<\/a>) zum digitalen Herbsttreffen per ZOOM an und treffe all die Menschen wieder, die du das ganze Jahr schon vermisst hast! ?<\/p>\n","protected":false},"excerpt":{"rendered":"<p>Aufgrund der aktuellen Corona-Situation und der bereits geltenden Einschr\u00e4nkungen, sowie der am Mittwoch bei der vorgezogenen Ministerpr\u00e4sidentenkonferenz noch zu erwartenden weiteren Einschr\u00e4nkungen macht es keinen Sinn am Wochenende eine Pr\u00e4senzveranstaltung f\u00fcr das Herbsttreffen zu veranstalten. Daher ist das Herbsttreffen offiziell abgesagt! ? Aber, wir werden uns am Sonntag trotzdem treffen! Am 1. November gibt es ab 10 Uhr das erste<\/p>\n","protected":false},"author":4,"featured_media":940,"comment_status":"closed","ping_status":"closed","sticky":false,"template":"","format":"standard","meta":{"footnotes":""},"categories":[1],"tags":[],"class_list":["post-941","post","type-post","status-publish","format-standard","has-post-thumbnail","hentry","category-allgemein","","tg-column-two"],"yoast_head":"<!-- This site is optimized with the Yoast SEO plugin v27.4 - https:\/\/yoast.com\/product\/yoast-seo-wordpress\/ -->\n<title>Herbsttreffen *digital* - BJCKM<\/title>\n<meta name=\"robots\" content=\"index, follow, max-snippet:-1, max-image-preview:large, max-video-preview:-1\" \/>\n<link rel=\"canonical\" href=\"https:\/\/www.bjckm.de\/index.php\/herbsttreffen-digital\/\" \/>\n<meta property=\"og:locale\" content=\"de_DE\" \/>\n<meta property=\"og:type\" content=\"article\" \/>\n<meta property=\"og:title\" content=\"Herbsttreffen *digital* - BJCKM\" \/>\n<meta property=\"og:description\" content=\"Aufgrund der aktuellen Corona-Situation und der bereits geltenden Einschr\u00e4nkungen, sowie der am Mittwoch bei der vorgezogenen Ministerpr\u00e4sidentenkonferenz noch zu erwartenden weiteren Einschr\u00e4nkungen macht es keinen Sinn am Wochenende eine Pr\u00e4senzveranstaltung f\u00fcr das Herbsttreffen zu veranstalten. Daher ist das Herbsttreffen offiziell abgesagt! ? Aber, wir werden uns am Sonntag trotzdem treffen! Am 1. November gibt es ab 10 Uhr das erste\" \/>\n<meta property=\"og:url\" content=\"https:\/\/www.bjckm.de\/index.php\/herbsttreffen-digital\/\" \/>\n<meta property=\"og:site_name\" content=\"BJCKM\" \/>\n<meta property=\"article:publisher\" content=\"https:\/\/www.facebook.com\/bjckm\" \/>\n<meta property=\"article:published_time\" content=\"2020-10-26T14:42:21+00:00\" \/>\n<meta property=\"article:modified_time\" content=\"2020-10-26T15:36:21+00:00\" \/>\n<meta property=\"og:image\" content=\"https:\/\/www.bjckm.de\/wp-content\/uploads\/2020\/10\/2020_BJCKM_Herbsttreffen_digital-1024x1024.png\" \/>\n\t<meta property=\"og:image:width\" content=\"1024\" \/>\n\t<meta property=\"og:image:height\" content=\"1024\" \/>\n\t<meta property=\"og:image:type\" content=\"image\/png\" \/>\n<meta name=\"author\" content=\"Benjamin Bialetzki\" \/>\n<meta name=\"twitter:card\" content=\"summary_large_image\" \/>\n<meta name=\"twitter:creator\" content=\"@bjckm_steno\" \/>\n<meta name=\"twitter:site\" content=\"@bjckm_steno\" \/>\n<meta name=\"twitter:label1\" content=\"Verfasst von\" \/>\n\t<meta name=\"twitter:data1\" content=\"Benjamin Bialetzki\" \/>\n<script type=\"application\/ld+json\" class=\"yoast-schema-graph\">{\"@context\":\"https:\\\/\\\/schema.org\",\"@graph\":[{\"@type\":\"Article\",\"@id\":\"https:\\\/\\\/www.bjckm.de\\\/index.php\\\/herbsttreffen-digital\\\/#article\",\"isPartOf\":{\"@id\":\"https:\\\/\\\/www.bjckm.de\\\/index.php\\\/herbsttreffen-digital\\\/\"},\"author\":{\"name\":\"Benjamin Bialetzki\",\"@id\":\"https:\\\/\\\/www.bjckm.de\\\/#\\\/schema\\\/person\\\/41c3672fb58bc8064768714f4a6d5f19\"},\"headline\":\"Herbsttreffen *digital*\",\"datePublished\":\"2020-10-26T14:42:21+00:00\",\"dateModified\":\"2020-10-26T15:36:21+00:00\",\"mainEntityOfPage\":{\"@id\":\"https:\\\/\\\/www.bjckm.de\\\/index.php\\\/herbsttreffen-digital\\\/\"},\"wordCount\":99,\"publisher\":{\"@id\":\"https:\\\/\\\/www.bjckm.de\\\/#organization\"},\"image\":{\"@id\":\"https:\\\/\\\/www.bjckm.de\\\/index.php\\\/herbsttreffen-digital\\\/#primaryimage\"},\"thumbnailUrl\":\"https:\\\/\\\/www.bjckm.de\\\/wp-content\\\/uploads\\\/2020\\\/10\\\/2020_BJCKM_Herbsttreffen_digital.png\",\"inLanguage\":\"de\"},{\"@type\":\"WebPage\",\"@id\":\"https:\\\/\\\/www.bjckm.de\\\/index.php\\\/herbsttreffen-digital\\\/\",\"url\":\"https:\\\/\\\/www.bjckm.de\\\/index.php\\\/herbsttreffen-digital\\\/\",\"name\":\"Herbsttreffen *digital* - BJCKM\",\"isPartOf\":{\"@id\":\"https:\\\/\\\/www.bjckm.de\\\/#website\"},\"primaryImageOfPage\":{\"@id\":\"https:\\\/\\\/www.bjckm.de\\\/index.php\\\/herbsttreffen-digital\\\/#primaryimage\"},\"image\":{\"@id\":\"https:\\\/\\\/www.bjckm.de\\\/index.php\\\/herbsttreffen-digital\\\/#primaryimage\"},\"thumbnailUrl\":\"https:\\\/\\\/www.bjckm.de\\\/wp-content\\\/uploads\\\/2020\\\/10\\\/2020_BJCKM_Herbsttreffen_digital.png\",\"datePublished\":\"2020-10-26T14:42:21+00:00\",\"dateModified\":\"2020-10-26T15:36:21+00:00\",\"breadcrumb\":{\"@id\":\"https:\\\/\\\/www.bjckm.de\\\/index.php\\\/herbsttreffen-digital\\\/#breadcrumb\"},\"inLanguage\":\"de\",\"potentialAction\":[{\"@type\":\"ReadAction\",\"target\":[\"https:\\\/\\\/www.bjckm.de\\\/index.php\\\/herbsttreffen-digital\\\/\"]}]},{\"@type\":\"ImageObject\",\"inLanguage\":\"de\",\"@id\":\"https:\\\/\\\/www.bjckm.de\\\/index.php\\\/herbsttreffen-digital\\\/#primaryimage\",\"url\":\"https:\\\/\\\/www.bjckm.de\\\/wp-content\\\/uploads\\\/2020\\\/10\\\/2020_BJCKM_Herbsttreffen_digital.png\",\"contentUrl\":\"https:\\\/\\\/www.bjckm.de\\\/wp-content\\\/uploads\\\/2020\\\/10\\\/2020_BJCKM_Herbsttreffen_digital.png\",\"width\":2160,\"height\":2160},{\"@type\":\"BreadcrumbList\",\"@id\":\"https:\\\/\\\/www.bjckm.de\\\/index.php\\\/herbsttreffen-digital\\\/#breadcrumb\",\"itemListElement\":[{\"@type\":\"ListItem\",\"position\":1,\"name\":\"Startseite\",\"item\":\"https:\\\/\\\/www.bjckm.de\\\/\"},{\"@type\":\"ListItem\",\"position\":2,\"name\":\"Herbsttreffen *digital*\"}]},{\"@type\":\"WebSite\",\"@id\":\"https:\\\/\\\/www.bjckm.de\\\/#website\",\"url\":\"https:\\\/\\\/www.bjckm.de\\\/\",\"name\":\"BJCKM\",\"description\":\"Bundesjugend f\u00fcr Computer, Kurzschrift und Medien\",\"publisher\":{\"@id\":\"https:\\\/\\\/www.bjckm.de\\\/#organization\"},\"potentialAction\":[{\"@type\":\"SearchAction\",\"target\":{\"@type\":\"EntryPoint\",\"urlTemplate\":\"https:\\\/\\\/www.bjckm.de\\\/?s={search_term_string}\"},\"query-input\":{\"@type\":\"PropertyValueSpecification\",\"valueRequired\":true,\"valueName\":\"search_term_string\"}}],\"inLanguage\":\"de\"},{\"@type\":\"Organization\",\"@id\":\"https:\\\/\\\/www.bjckm.de\\\/#organization\",\"name\":\"Bundesjugend f\u00fcr Computer, Kurzschrift und Medien\",\"url\":\"https:\\\/\\\/www.bjckm.de\\\/\",\"logo\":{\"@type\":\"ImageObject\",\"inLanguage\":\"de\",\"@id\":\"https:\\\/\\\/www.bjckm.de\\\/#\\\/schema\\\/logo\\\/image\\\/\",\"url\":\"https:\\\/\\\/www.bjckm.de\\\/wp-content\\\/uploads\\\/2019\\\/10\\\/cropped-logo_bjckm_farbe_text_12000x3375-e1571842379885.png\",\"contentUrl\":\"https:\\\/\\\/www.bjckm.de\\\/wp-content\\\/uploads\\\/2019\\\/10\\\/cropped-logo_bjckm_farbe_text_12000x3375-e1571842379885.png\",\"width\":583,\"height\":115,\"caption\":\"Bundesjugend f\u00fcr Computer, Kurzschrift und Medien\"},\"image\":{\"@id\":\"https:\\\/\\\/www.bjckm.de\\\/#\\\/schema\\\/logo\\\/image\\\/\"},\"sameAs\":[\"https:\\\/\\\/www.facebook.com\\\/bjckm\",\"https:\\\/\\\/x.com\\\/bjckm_steno\",\"https:\\\/\\\/www.instagram.com\\\/bjckm19\"]},{\"@type\":\"Person\",\"@id\":\"https:\\\/\\\/www.bjckm.de\\\/#\\\/schema\\\/person\\\/41c3672fb58bc8064768714f4a6d5f19\",\"name\":\"Benjamin Bialetzki\",\"image\":{\"@type\":\"ImageObject\",\"inLanguage\":\"de\",\"@id\":\"https:\\\/\\\/secure.gravatar.com\\\/avatar\\\/5c5679e92eb5847a7e17e989cd1b8b8120b001e3c5ad70e6a7b0f931f10ae8c6?s=96&d=mm&r=g\",\"url\":\"https:\\\/\\\/secure.gravatar.com\\\/avatar\\\/5c5679e92eb5847a7e17e989cd1b8b8120b001e3c5ad70e6a7b0f931f10ae8c6?s=96&d=mm&r=g\",\"contentUrl\":\"https:\\\/\\\/secure.gravatar.com\\\/avatar\\\/5c5679e92eb5847a7e17e989cd1b8b8120b001e3c5ad70e6a7b0f931f10ae8c6?s=96&d=mm&r=g\",\"caption\":\"Benjamin Bialetzki\"},\"url\":\"https:\\\/\\\/www.bjckm.de\\\/index.php\\\/author\\\/benjamin\\\/\"}]}<\/script>\n<!-- \/ Yoast SEO plugin. -->","yoast_head_json":{"title":"Herbsttreffen *digital* - BJCKM","robots":{"index":"index","follow":"follow","max-snippet":"max-snippet:-1","max-image-preview":"max-image-preview:large","max-video-preview":"max-video-preview:-1"},"canonical":"https:\/\/www.bjckm.de\/index.php\/herbsttreffen-digital\/","og_locale":"de_DE","og_type":"article","og_title":"Herbsttreffen *digital* - BJCKM","og_description":"Aufgrund der aktuellen Corona-Situation und der bereits geltenden Einschr\u00e4nkungen, sowie der am Mittwoch bei der vorgezogenen Ministerpr\u00e4sidentenkonferenz noch zu erwartenden weiteren Einschr\u00e4nkungen macht es keinen Sinn am Wochenende eine Pr\u00e4senzveranstaltung f\u00fcr das Herbsttreffen zu veranstalten. Daher ist das Herbsttreffen offiziell abgesagt! ? Aber, wir werden uns am Sonntag trotzdem treffen! Am 1. November gibt es ab 10 Uhr das erste","og_url":"https:\/\/www.bjckm.de\/index.php\/herbsttreffen-digital\/","og_site_name":"BJCKM","article_publisher":"https:\/\/www.facebook.com\/bjckm","article_published_time":"2020-10-26T14:42:21+00:00","article_modified_time":"2020-10-26T15:36:21+00:00","og_image":[{"width":1024,"height":1024,"url":"https:\/\/www.bjckm.de\/wp-content\/uploads\/2020\/10\/2020_BJCKM_Herbsttreffen_digital-1024x1024.png","type":"image\/png"}],"author":"Benjamin Bialetzki","twitter_card":"summary_large_image","twitter_creator":"@bjckm_steno","twitter_site":"@bjckm_steno","twitter_misc":{"Verfasst von":"Benjamin Bialetzki"},"schema":{"@context":"https:\/\/schema.org","@graph":[{"@type":"Article","@id":"https:\/\/www.bjckm.de\/index.php\/herbsttreffen-digital\/#article","isPartOf":{"@id":"https:\/\/www.bjckm.de\/index.php\/herbsttreffen-digital\/"},"author":{"name":"Benjamin Bialetzki","@id":"https:\/\/www.bjckm.de\/#\/schema\/person\/41c3672fb58bc8064768714f4a6d5f19"},"headline":"Herbsttreffen *digital*","datePublished":"2020-10-26T14:42:21+00:00","dateModified":"2020-10-26T15:36:21+00:00","mainEntityOfPage":{"@id":"https:\/\/www.bjckm.de\/index.php\/herbsttreffen-digital\/"},"wordCount":99,"publisher":{"@id":"https:\/\/www.bjckm.de\/#organization"},"image":{"@id":"https:\/\/www.bjckm.de\/index.php\/herbsttreffen-digital\/#primaryimage"},"thumbnailUrl":"https:\/\/www.bjckm.de\/wp-content\/uploads\/2020\/10\/2020_BJCKM_Herbsttreffen_digital.png","inLanguage":"de"},{"@type":"WebPage","@id":"https:\/\/www.bjckm.de\/index.php\/herbsttreffen-digital\/","url":"https:\/\/www.bjckm.de\/index.php\/herbsttreffen-digital\/","name":"Herbsttreffen *digital* - BJCKM","isPartOf":{"@id":"https:\/\/www.bjckm.de\/#website"},"primaryImageOfPage":{"@id":"https:\/\/www.bjckm.de\/index.php\/herbsttreffen-digital\/#primaryimage"},"image":{"@id":"https:\/\/www.bjckm.de\/index.php\/herbsttreffen-digital\/#primaryimage"},"thumbnailUrl":"https:\/\/www.bjckm.de\/wp-content\/uploads\/2020\/10\/2020_BJCKM_Herbsttreffen_digital.png","datePublished":"2020-10-26T14:42:21+00:00","dateModified":"2020-10-26T15:36:21+00:00","breadcrumb":{"@id":"https:\/\/www.bjckm.de\/index.php\/herbsttreffen-digital\/#breadcrumb"},"inLanguage":"de","potentialAction":[{"@type":"ReadAction","target":["https:\/\/www.bjckm.de\/index.php\/herbsttreffen-digital\/"]}]},{"@type":"ImageObject","inLanguage":"de","@id":"https:\/\/www.bjckm.de\/index.php\/herbsttreffen-digital\/#primaryimage","url":"https:\/\/www.bjckm.de\/wp-content\/uploads\/2020\/10\/2020_BJCKM_Herbsttreffen_digital.png","contentUrl":"https:\/\/www.bjckm.de\/wp-content\/uploads\/2020\/10\/2020_BJCKM_Herbsttreffen_digital.png","width":2160,"height":2160},{"@type":"BreadcrumbList","@id":"https:\/\/www.bjckm.de\/index.php\/herbsttreffen-digital\/#breadcrumb","itemListElement":[{"@type":"ListItem","position":1,"name":"Startseite","item":"https:\/\/www.bjckm.de\/"},{"@type":"ListItem","position":2,"name":"Herbsttreffen *digital*"}]},{"@type":"WebSite","@id":"https:\/\/www.bjckm.de\/#website","url":"https:\/\/www.bjckm.de\/","name":"BJCKM","description":"Bundesjugend f\u00fcr Computer, Kurzschrift und Medien","publisher":{"@id":"https:\/\/www.bjckm.de\/#organization"},"potentialAction":[{"@type":"SearchAction","target":{"@type":"EntryPoint","urlTemplate":"https:\/\/www.bjckm.de\/?s={search_term_string}"},"query-input":{"@type":"PropertyValueSpecification","valueRequired":true,"valueName":"search_term_string"}}],"inLanguage":"de"},{"@type":"Organization","@id":"https:\/\/www.bjckm.de\/#organization","name":"Bundesjugend f\u00fcr Computer, Kurzschrift und Medien","url":"https:\/\/www.bjckm.de\/","logo":{"@type":"ImageObject","inLanguage":"de","@id":"https:\/\/www.bjckm.de\/#\/schema\/logo\/image\/","url":"https:\/\/www.bjckm.de\/wp-content\/uploads\/2019\/10\/cropped-logo_bjckm_farbe_text_12000x3375-e1571842379885.png","contentUrl":"https:\/\/www.bjckm.de\/wp-content\/uploads\/2019\/10\/cropped-logo_bjckm_farbe_text_12000x3375-e1571842379885.png","width":583,"height":115,"caption":"Bundesjugend f\u00fcr Computer, Kurzschrift und Medien"},"image":{"@id":"https:\/\/www.bjckm.de\/#\/schema\/logo\/image\/"},"sameAs":["https:\/\/www.facebook.com\/bjckm","https:\/\/x.com\/bjckm_steno","https:\/\/www.instagram.com\/bjckm19"]},{"@type":"Person","@id":"https:\/\/www.bjckm.de\/#\/schema\/person\/41c3672fb58bc8064768714f4a6d5f19","name":"Benjamin Bialetzki","image":{"@type":"ImageObject","inLanguage":"de","@id":"https:\/\/secure.gravatar.com\/avatar\/5c5679e92eb5847a7e17e989cd1b8b8120b001e3c5ad70e6a7b0f931f10ae8c6?s=96&d=mm&r=g","url":"https:\/\/secure.gravatar.com\/avatar\/5c5679e92eb5847a7e17e989cd1b8b8120b001e3c5ad70e6a7b0f931f10ae8c6?s=96&d=mm&r=g","contentUrl":"https:\/\/secure.gravatar.com\/avatar\/5c5679e92eb5847a7e17e989cd1b8b8120b001e3c5ad70e6a7b0f931f10ae8c6?s=96&d=mm&r=g","caption":"Benjamin Bialetzki"},"url":"https:\/\/www.bjckm.de\/index.php\/author\/benjamin\/"}]}},"_links":{"self":[{"href":"https:\/\/www.bjckm.de\/index.php\/wp-json\/wp\/v2\/posts\/941","targetHints":{"allow":["GET"]}}],"collection":[{"href":"https:\/\/www.bjckm.de\/index.php\/wp-json\/wp\/v2\/posts"}],"about":[{"href":"https:\/\/www.bjckm.de\/index.php\/wp-json\/wp\/v2\/types\/post"}],"author":[{"embeddable":true,"href":"https:\/\/www.bjckm.de\/index.php\/wp-json\/wp\/v2\/users\/4"}],"replies":[{"embeddable":true,"href":"https:\/\/www.bjckm.de\/index.php\/wp-json\/wp\/v2\/comments?post=941"}],"version-history":[{"count":4,"href":"https:\/\/www.bjckm.de\/index.php\/wp-json\/wp\/v2\/posts\/941\/revisions"}],"predecessor-version":[{"id":946,"href":"https:\/\/www.bjckm.de\/index.php\/wp-json\/wp\/v2\/posts\/941\/revisions\/946"}],"wp:featuredmedia":[{"embeddable":true,"href":"https:\/\/www.bjckm.de\/index.php\/wp-json\/wp\/v2\/media\/940"}],"wp:attachment":[{"href":"https:\/\/www.bjckm.de\/index.php\/wp-json\/wp\/v2\/media?parent=941"}],"wp:term":[{"taxonomy":"category","embeddable":true,"href":"https:\/\/www.bjckm.de\/index.php\/wp-json\/wp\/v2\/categories?post=941"},{"taxonomy":"post_tag","embeddable":true,"href":"https:\/\/www.bjckm.de\/index.php\/wp-json\/wp\/v2\/tags?post=941"}],"curies":[{"name":"wp","href":"https:\/\/api.w.org\/{rel}","templated":true}]}}